{"id":1044,"date":"2015-12-05T19:51:02","date_gmt":"2015-12-05T19:51:02","guid":{"rendered":"http:\/\/memecon.info\/?p=1044"},"modified":"2018-05-18T07:46:12","modified_gmt":"2018-05-18T07:46:12","slug":"das-messer-zwischen-werkzeug-und-waffe","status":"publish","type":"post","link":"https:\/\/www.memecon.info\/?p=1044","title":{"rendered":"Das Messer &#8211; zwischen Werkzeug und Waffe"},"content":{"rendered":"<p>Die ersten Faustkeile, die vor zweieinhalb Millionen Jahren von unseren Vorfahren geschaffen wurden, waren die Schweizer Messer der Steinzeit. Die extrem scharfen Kanten zum Schneiden oder Schaben und die stumpfe Seite zum H\u00e4mmern erweiterten die menschlichen F\u00e4higkeiten im Alltag. Auch ohne entsprechende Belege kann man davon ausgehen, dass bereits damals das Messer auf der einen Seite als n\u00fctzliches Werkzeug und auf der anderen Seite als t\u00f6dliche Waffe genutzt wurde. Millionen von Menschen wurden im Laufe der Geschichte durch Messer get\u00f6tet. Damit ist die Einstufung eines Messers hin und her gerissen zwischen Werkzeug und Waffe.<\/p>\n<p><a href=\"http:\/\/memecon.info\/wp-content\/uploads\/2015\/12\/Messer.jpg\"><img loading=\"lazy\" decoding=\"async\" class=\"alignnone size-full wp-image-1045\" src=\"http:\/\/memecon.info\/wp-content\/uploads\/2015\/12\/Messer.jpg\" alt=\"Messer\" width=\"835\" height=\"641\" srcset=\"https:\/\/www.memecon.info\/wp-content\/uploads\/2015\/12\/Messer.jpg 835w, https:\/\/www.memecon.info\/wp-content\/uploads\/2015\/12\/Messer-300x230.jpg 300w, https:\/\/www.memecon.info\/wp-content\/uploads\/2015\/12\/Messer-624x479.jpg 624w\" sizes=\"auto, (max-width: 835px) 100vw, 835px\" \/><\/a><\/p>\n<p>Fast alle Erfindungen verf\u00fcgen \u00fcber Schattenseiten. Es besteht einerseits praktischer Nutzen. Andererseits werden sie aber zu unerw\u00fcnschten Vorhaben mit schrecklichen Folgen eingesetzt.<\/p>\n<p>Dabei ist das Werkzeug ein Hilfsmittel, dass die menschlichen k\u00f6rperlichen und geistigen F\u00e4higkeiten erweitert. \u00dcblicherweise haben wir in unserem Haushalt ein gr\u00f6\u00dferes Set an Werkzeugen &#8211; von den K\u00fcchenutensilien, \u00fcber den Werkzeugkasten mit Hammer und Schraubenzieher, bis hin zu unseren Computern und Fernsehger\u00e4ten. Wir setzen diese Instrumente ein, ohne uns bewusst zu machen, was w\u00e4re, wenn sie nicht da w\u00e4ren &#8211; beim Brotscheiden, bei einer Reparatur oder beim Lernen.<\/p>\n<p>Waffen sind Objekte, mit denen Lebewesen und Dingen Schaden zugef\u00fchrt werden soll, bis hin zum Tod bzw. der totalen Zerst\u00f6rung. Der Einsatz ist eigentlich beschr\u00e4nkt auf bestimmte Spezialisten &#8211; J\u00e4ger, Polizisten, Soldaten. Damit haben die Wenigsten Zugriff auf Waffen, w\u00e4ren da nicht Werkzeuge, die eben auch zu diesen zerst\u00f6rerischen Aufgaben genutzt werden k\u00f6nnen.<\/p>\n<p>Aufgrund der nicht akzeptablen Nebenwirkungen, die manche Werkzeuge erzeugen, m\u00fcssen sich Erfinder immer wieder fragen, ob sie sich mit der Entwicklung des Werkzeugs eine Schuld aufladen. Welche Fragestellungen k\u00f6nnten ihnen helfen?<\/p>\n<ul>\n<li>\u00dcberwiegen die Vor- oder Nachteile?<\/li>\n<li>Wird mehr Nutzen als Schaden angerichtet?<\/li>\n<li>Z\u00e4hlen eher die M\u00f6glichkeiten, die sich auftun, oder die Gefahren, die entstehen?<\/li>\n<\/ul>\n<p>Wahrscheinlich werden bei den meisten Werkzeugen die positiven Eigenschaften \u00fcberwiegen. Das Messer hat bei Weitem mehr Vorteile im Haushalt als Nachteile als T\u00f6tungsinstrument. Der Nutzen des Schneidens ist gr\u00f6\u00dfer als der Schaden des Umbringens. Die M\u00f6glichkeiten, die sich beim Schneiden von Stoffen oder chirurgischen Eingriffen ergeben, sind sicherlich bedeutender als der Schaden, der durch kriminelle oder staatliche T\u00f6tung entsteht.<\/p>\n<p>Fazit: Ein Werkzeug ist immer auch eine latente Waffe. Nicht ohne Grund spricht man von Kriegs- oder T\u00f6tungsWERKZEUGEN. Gibt es Werkzeuge, die die negativen Effekte einer Waffe, nicht beinhalten? Vermutlich nicht. An einem verbreiteten Artefakt wie einem Messer mit all seinen Auspr\u00e4gungen wird dieses Dilemma deutlich.<\/p>\n<div class=\"shariff shariff-align-left shariff-widget-align-left\"><ul class=\"shariff-buttons theme-round orientation-horizontal buttonsize-medium\"><li class=\"shariff-button xing shariff-nocustomcolor\" style=\"background-color:#29888a\"><a href=\"https:\/\/www.xing.com\/spi\/shares\/new?url=https%3A%2F%2Fwww.memecon.info%2F%3Fp%3D1044\" title=\"Bei XING teilen\" aria-label=\"Bei XING teilen\" role=\"button\" rel=\"noopener nofollow\" class=\"shariff-link\" style=\"; background-color:#126567; color:#fff\" target=\"_blank\"><span class=\"shariff-icon\" style=\"\"><svg width=\"32px\" height=\"20px\" xmlns=\"http:\/\/www.w3.org\/2000\/svg\" viewBox=\"0 0 25 32\"><path fill=\"#126567\" d=\"M10.7 11.9q-0.2 0.3-4.6 8.2-0.5 0.8-1.2 0.8h-4.3q-0.4 0-0.5-0.3t0-0.6l4.5-8q0 0 0 0l-2.9-5q-0.2-0.4 0-0.7 0.2-0.3 0.5-0.3h4.3q0.7 0 1.2 0.8zM25.1 0.4q0.2 0.3 0 0.7l-9.4 16.7 6 11q0.2 0.4 0 0.6-0.2 0.3-0.6 0.3h-4.3q-0.7 0-1.2-0.8l-6-11.1q0.3-0.6 9.5-16.8 0.4-0.8 1.2-0.8h4.3q0.4 0 0.5 0.3z\"\/><\/svg><\/span><\/a><\/li><li class=\"shariff-button linkedin shariff-nocustomcolor\" style=\"background-color:#1488bf\"><a href=\"https:\/\/www.linkedin.com\/sharing\/share-offsite\/?url=https%3A%2F%2Fwww.memecon.info%2F%3Fp%3D1044\" title=\"Bei LinkedIn teilen\" aria-label=\"Bei LinkedIn teilen\" role=\"button\" rel=\"noopener nofollow\" class=\"shariff-link\" style=\"; background-color:#0077b5; color:#fff\" target=\"_blank\"><span class=\"shariff-icon\" style=\"\"><svg width=\"32px\" height=\"20px\" xmlns=\"http:\/\/www.w3.org\/2000\/svg\" viewBox=\"0 0 27 32\"><path fill=\"#0077b5\" d=\"M6.2 11.2v17.7h-5.9v-17.7h5.9zM6.6 5.7q0 1.3-0.9 2.2t-2.4 0.9h0q-1.5 0-2.4-0.9t-0.9-2.2 0.9-2.2 2.4-0.9 2.4 0.9 0.9 2.2zM27.4 18.7v10.1h-5.9v-9.5q0-1.9-0.7-2.9t-2.3-1.1q-1.1 0-1.9 0.6t-1.2 1.5q-0.2 0.5-0.2 1.4v9.9h-5.9q0-7.1 0-11.6t0-5.3l0-0.9h5.9v2.6h0q0.4-0.6 0.7-1t1-0.9 1.6-0.8 2-0.3q3 0 4.9 2t1.9 6z\"\/><\/svg><\/span><\/a><\/li><li class=\"shariff-button facebook shariff-nocustomcolor\" style=\"background-color:#4273c8\"><a href=\"https:\/\/www.facebook.com\/sharer\/sharer.php?u=https%3A%2F%2Fwww.memecon.info%2F%3Fp%3D1044\" title=\"Bei Facebook teilen\" aria-label=\"Bei Facebook teilen\" role=\"button\" rel=\"nofollow\" class=\"shariff-link\" style=\"; background-color:#3b5998; color:#fff\" target=\"_blank\"><span class=\"shariff-icon\" style=\"\"><svg width=\"32px\" height=\"20px\" xmlns=\"http:\/\/www.w3.org\/2000\/svg\" viewBox=\"0 0 18 32\"><path fill=\"#3b5998\" d=\"M17.1 0.2v4.7h-2.8q-1.5 0-2.1 0.6t-0.5 1.9v3.4h5.2l-0.7 5.3h-4.5v13.6h-5.5v-13.6h-4.5v-5.3h4.5v-3.9q0-3.3 1.9-5.2t5-1.8q2.6 0 4.1 0.2z\"\/><\/svg><\/span><\/a><\/li><li class=\"shariff-button flipboard shariff-nocustomcolor\" style=\"background-color:#373737\"><a href=\"https:\/\/share.flipboard.com\/bookmarklet\/popout?v=2&title=Das%20Messer%20%E2%80%93%20zwischen%20Werkzeug%20und%20Waffe&url=https%3A%2F%2Fwww.memecon.info%2F%3Fp%3D1044\" title=\"Bei Flipboard teilen\" aria-label=\"Bei Flipboard teilen\" role=\"button\" rel=\"noopener nofollow\" class=\"shariff-link\" style=\"; background-color:#f52828; color:#fff\" target=\"_blank\"><span class=\"shariff-icon\" style=\"\"><svg width=\"24px\" height=\"24px\" xmlns=\"http:\/\/www.w3.org\/2000\/svg\" viewBox=\"0 0 24 24\"><path fill=\"#f52828\" d=\"M0 0h8v24H0V0zm9 9h7v7H9V9zm0-9h15v8H9V0z\"\/><\/svg><\/span><\/a><\/li><li class=\"shariff-button twitter shariff-nocustomcolor\" style=\"background-color:#595959\"><a href=\"https:\/\/twitter.com\/share?url=https%3A%2F%2Fwww.memecon.info%2F%3Fp%3D1044&text=Das%20Messer%20%E2%80%93%20zwischen%20Werkzeug%20und%20Waffe\" title=\"Bei X teilen\" aria-label=\"Bei X teilen\" role=\"button\" rel=\"noopener nofollow\" class=\"shariff-link\" style=\"; background-color:#000; color:#fff\" target=\"_blank\"><span class=\"shariff-icon\" style=\"\"><svg width=\"32px\" height=\"20px\" xmlns=\"http:\/\/www.w3.org\/2000\/svg\" viewBox=\"0 0 24 24\"><path fill=\"#000\" d=\"M14.258 10.152L23.176 0h-2.113l-7.747 8.813L7.133 0H0l9.352 13.328L0 23.973h2.113l8.176-9.309 6.531 9.309h7.133zm-2.895 3.293l-.949-1.328L2.875 1.56h3.246l6.086 8.523.945 1.328 7.91 11.078h-3.246zm0 0\"\/><\/svg><\/span><\/a><\/li><\/ul><\/div>","protected":false},"excerpt":{"rendered":"<p>Die ersten Faustkeile, die vor zweieinhalb Millionen Jahren von unseren Vorfahren geschaffen wurden, waren die Schweizer Messer der Steinzeit. Die extrem scharfen Kanten zum Schneiden oder Schaben und die stumpfe Seite zum H\u00e4mmern erweiterten die menschlichen F\u00e4higkeiten im Alltag. Auch ohne entsprechende Belege kann man davon ausgehen, dass bereits damals das Messer auf der einen Seite als n\u00fctzliches Werkzeug und auf der anderen Seite als t\u00f6dliche Waffe genutzt wurde. Millionen von Menschen wurden im Laufe der Geschichte durch Messer get\u00f6tet. Damit ist die Einstufung eines Messers hin und her gerissen zwischen Werkzeug und Waffe. Fast alle Erfindungen verf\u00fcgen \u00fcber Schattenseiten. Es besteht einerseits praktischer Nutzen. Andererseits werden sie aber zu [&hellip;]<\/p>\n","protected":false},"author":1,"featured_media":0,"comment_status":"closed","ping_status":"closed","sticky":false,"template":"","format":"standard","meta":{"_crdt_document":"","footnotes":""},"categories":[22,3],"tags":[947,948,946],"class_list":["post-1044","post","type-post","status-publish","format-standard","hentry","category-bedeutungsgestaltung","category-deutsch","tag-messer","tag-waffe","tag-werkzeug"],"aioseo_notices":[],"_links":{"self":[{"href":"https:\/\/www.memecon.info\/index.php?rest_route=\/wp\/v2\/posts\/1044","targetHints":{"allow":["GET"]}}],"collection":[{"href":"https:\/\/www.memecon.info\/index.php?rest_route=\/wp\/v2\/posts"}],"about":[{"href":"https:\/\/www.memecon.info\/index.php?rest_route=\/wp\/v2\/types\/post"}],"author":[{"embeddable":true,"href":"https:\/\/www.memecon.info\/index.php?rest_route=\/wp\/v2\/users\/1"}],"replies":[{"embeddable":true,"href":"https:\/\/www.memecon.info\/index.php?rest_route=%2Fwp%2Fv2%2Fcomments&post=1044"}],"version-history":[{"count":0,"href":"https:\/\/www.memecon.info\/index.php?rest_route=\/wp\/v2\/posts\/1044\/revisions"}],"wp:attachment":[{"href":"https:\/\/www.memecon.info\/index.php?rest_route=%2Fwp%2Fv2%2Fmedia&parent=1044"}],"wp:term":[{"taxonomy":"category","embeddable":true,"href":"https:\/\/www.memecon.info\/index.php?rest_route=%2Fwp%2Fv2%2Fcategories&post=1044"},{"taxonomy":"post_tag","embeddable":true,"href":"https:\/\/www.memecon.info\/index.php?rest_route=%2Fwp%2Fv2%2Ftags&post=1044"}],"curies":[{"name":"wp","href":"https:\/\/api.w.org\/{rel}","templated":true}]}}