{"id":1259,"date":"2016-07-02T14:42:26","date_gmt":"2016-07-02T14:42:26","guid":{"rendered":"http:\/\/memecon.info\/?p=1259"},"modified":"2018-05-18T07:36:56","modified_gmt":"2018-05-18T07:36:56","slug":"der-gesamtkontext-bestimmt-das-verstaendnis","status":"publish","type":"post","link":"https:\/\/www.memecon.info\/?p=1259","title":{"rendered":"Der Gesamtkontext bestimmt das Verst\u00e4ndnis"},"content":{"rendered":"<p>Die Sprache bietet keine hinreichende Grundlage, um einen Satz zu interpretieren. Rei\u00dfen wir einen der Weltliteratur aus seinem Kontext &#8211; \u201eDer Mann frug, ob sie ihm gestatte, zu rauchen, offenbar nicht, dass er rauchen konnte, sondern um mit ihr eine Unterhaltung anzuspinnen\u201d. Man kann sich besser vorstellen, was gerade passiert, wenn man wei\u00df, dass der Satz aus Anna Karenina von Leo Tolstoj stammt. Sofort passen sich die inneren Bilder an. Macht man sich noch bewusst, dass man sich in einem Zugabteil befindet, kommt man der Sachlage noch n\u00e4her. Die folgende Abbildung schafft links einen Bezugsrahmen und bietet rechts Genussmittel f\u00fcr Raucher. Welches passt am besten? Das h\u00e4ngt davon ab, welcher Sinnzusammenhang in Ihrem Kopf besteht, denn der Gesamtkontext bestimmt das Verst\u00e4ndnis.<\/p>\n<p><a href=\"http:\/\/memecon.info\/wp-content\/uploads\/2016\/07\/contextsmoking.jpg\"><img loading=\"lazy\" decoding=\"async\" class=\"alignnone size-full wp-image-1257\" src=\"http:\/\/memecon.info\/wp-content\/uploads\/2016\/07\/contextsmoking.jpg\" alt=\"contextsmoking\" width=\"835\" height=\"641\" srcset=\"https:\/\/www.memecon.info\/wp-content\/uploads\/2016\/07\/contextsmoking.jpg 835w, https:\/\/www.memecon.info\/wp-content\/uploads\/2016\/07\/contextsmoking-300x230.jpg 300w, https:\/\/www.memecon.info\/wp-content\/uploads\/2016\/07\/contextsmoking-768x590.jpg 768w, https:\/\/www.memecon.info\/wp-content\/uploads\/2016\/07\/contextsmoking-624x479.jpg 624w\" sizes=\"auto, (max-width: 835px) 100vw, 835px\" \/><\/a><\/p>\n<p>Wenn man einen Vortrag vorbereitet, muss man sich um die Begleitumst\u00e4nde k\u00fcmmern. Es sind drei Aspekte, die diesen Gesamtkontext beeinflussen.<\/p>\n<ul>\n<li><strong>Die Pr\u00e4sentation<\/strong><br \/>\nDa man nur die Dinge versteht, die man in Worte und Bilder ausdr\u00fccken kann, ist die Gestaltung der Pr\u00e4sentation eine Voraussetzung f\u00fcr die \u00dcbertragung von Bedeutung. Die meiste Zeit beschr\u00e4nken sich manche auf die Ermittlung von Fakten, die es wert sind, mitgeteilt zu werden. Leider endet damit f\u00fcr viele die Vorbereitung. Dabei sollten die Informationen stets aufmerksam in die entsprechenden Worte, Metaphern und Visualisierungen \u00fcbersetzt werden, die die Zielgruppe verstehen. Die Vermittlung der eigenen Ideen ist der eigentliche Zweck. Am Ende muss der Wurm dem Fisch schmecken, nicht dem Angler.<\/li>\n<li><strong>Die Veranstaltung<\/strong><br \/>\nDer Deutungsrahmen, der durch die Veranstaltung aufgebaut wird, bestimmt die Auslegung der Botschaften. Der Titel der Veranstaltung, die verschiedenen Themenbereiche und die teilnehmenden Referenten mit ihren Programmpunkten lenken die Aufmerksamkeit des Publikums in eine bestimmte Richtung. Mitteilungen, die nicht in den Rahmen passen, werden sich schwertun, ausreichend Beachtung zu erhalten. Aus diesem Grund sollte man sich stets \u00fcberlegen, wie man die eigenen Beitr\u00e4ge auf den Rahmen der Veranstaltung zuschneidet. Zumindest sollten Titel, Beispiele und Pr\u00e4sentationsstil sich in das Programm einf\u00fcgen. Schlie\u00dflich brauchen die Botschaften den gelockerten Boden im Bewusstsein des Publikums, damit sie Wurzeln schlagen k\u00f6nnen.<\/li>\n<li><strong>Die Zielgruppe<\/strong><br \/>\nDer Gesamtkontext wird bestimmt durch die Herkunft und das Fachgebiet der Zuh\u00f6rer. Der kulturelle Hintergrund l\u00e4sst sich aus dem Ort der Veranstaltung ableiten. Kommen die Adressaten aus der westlichen Hemisph\u00e4re, sind sie beispielsweise durch Werte gepr\u00e4gt, wie Gut und B\u00f6se, Richtig und Falsch. Die fern\u00f6stliche Herkunft baut auf der Ausgewogenheit von Yin und Yang auf. Entsprechend ist der Wunsch nach Anerkennung im Westen mehr und im Osten weniger ausgepr\u00e4gt. Die Eigenschaften der zu erwartenden Teilnehmer lassen sich auch aus der Veranstaltung ableiten. Dabei geht es vor allem um die Unterscheidung, ob es sich um technik-, verkaufs- oder f\u00fchrungsorientierte Zuh\u00f6rer handelt. In jedem Fall sollte die Pr\u00e4sentation an den jeweiligen Anlass angepasst werden. Schlie\u00dflich gibt es keinen allgemeinen Ablauf des Vortrags, der f\u00fcr alle erdenklichen Gelegenheiten passt.<\/li>\n<\/ul>\n<p>Jeder Zuschauer und alle Vortragenden bringen ihren Gesamtkontext ein. Die Wirkung des Austauschs von Informationen ergibt sich aus dem Grad der \u00dcberlappung, den man f\u00fcr die Gesamtkontexte zustande bringt. Inwieweit man dies schafft, erkennt man an der Reaktion des Publikums.<\/p>\n<p>Fazit: Der Gesamtkontext bestimmt die Wahrscheinlichkeit, dass eine Botschaft die Zielgruppen erreicht. Dabei spielen weniger die eigenen Vorlieben eine Rolle, sondern vor allem die angepasste Pr\u00e4sentation, der allgemeine Veranstaltungsrahmen und die jeweilige Zielgruppe. Da sich der Kontext von einer zur anderen Veranstaltung stets \u00e4ndert, sollten die entsprechenden Vorstellungen immer an den jeweiligen Fall angepasst werden, denn der Gesamtkontext bestimmt das Verst\u00e4ndnis.<\/p>\n<div class=\"shariff shariff-align-left shariff-widget-align-left\"><ul class=\"shariff-buttons theme-round orientation-horizontal buttonsize-medium\"><li class=\"shariff-button xing shariff-nocustomcolor\" style=\"background-color:#29888a\"><a href=\"https:\/\/www.xing.com\/spi\/shares\/new?url=https%3A%2F%2Fwww.memecon.info%2F%3Fp%3D1259\" title=\"Bei XING teilen\" aria-label=\"Bei XING teilen\" role=\"button\" rel=\"noopener nofollow\" class=\"shariff-link\" style=\"; background-color:#126567; color:#fff\" target=\"_blank\"><span class=\"shariff-icon\" style=\"\"><svg width=\"32px\" height=\"20px\" xmlns=\"http:\/\/www.w3.org\/2000\/svg\" viewBox=\"0 0 25 32\"><path fill=\"#126567\" d=\"M10.7 11.9q-0.2 0.3-4.6 8.2-0.5 0.8-1.2 0.8h-4.3q-0.4 0-0.5-0.3t0-0.6l4.5-8q0 0 0 0l-2.9-5q-0.2-0.4 0-0.7 0.2-0.3 0.5-0.3h4.3q0.7 0 1.2 0.8zM25.1 0.4q0.2 0.3 0 0.7l-9.4 16.7 6 11q0.2 0.4 0 0.6-0.2 0.3-0.6 0.3h-4.3q-0.7 0-1.2-0.8l-6-11.1q0.3-0.6 9.5-16.8 0.4-0.8 1.2-0.8h4.3q0.4 0 0.5 0.3z\"\/><\/svg><\/span><\/a><\/li><li class=\"shariff-button linkedin shariff-nocustomcolor\" style=\"background-color:#1488bf\"><a href=\"https:\/\/www.linkedin.com\/sharing\/share-offsite\/?url=https%3A%2F%2Fwww.memecon.info%2F%3Fp%3D1259\" title=\"Bei LinkedIn teilen\" aria-label=\"Bei LinkedIn teilen\" role=\"button\" rel=\"noopener nofollow\" class=\"shariff-link\" style=\"; background-color:#0077b5; color:#fff\" target=\"_blank\"><span class=\"shariff-icon\" style=\"\"><svg width=\"32px\" height=\"20px\" xmlns=\"http:\/\/www.w3.org\/2000\/svg\" viewBox=\"0 0 27 32\"><path fill=\"#0077b5\" d=\"M6.2 11.2v17.7h-5.9v-17.7h5.9zM6.6 5.7q0 1.3-0.9 2.2t-2.4 0.9h0q-1.5 0-2.4-0.9t-0.9-2.2 0.9-2.2 2.4-0.9 2.4 0.9 0.9 2.2zM27.4 18.7v10.1h-5.9v-9.5q0-1.9-0.7-2.9t-2.3-1.1q-1.1 0-1.9 0.6t-1.2 1.5q-0.2 0.5-0.2 1.4v9.9h-5.9q0-7.1 0-11.6t0-5.3l0-0.9h5.9v2.6h0q0.4-0.6 0.7-1t1-0.9 1.6-0.8 2-0.3q3 0 4.9 2t1.9 6z\"\/><\/svg><\/span><\/a><\/li><li class=\"shariff-button facebook shariff-nocustomcolor\" style=\"background-color:#4273c8\"><a href=\"https:\/\/www.facebook.com\/sharer\/sharer.php?u=https%3A%2F%2Fwww.memecon.info%2F%3Fp%3D1259\" title=\"Bei Facebook teilen\" aria-label=\"Bei Facebook teilen\" role=\"button\" rel=\"nofollow\" class=\"shariff-link\" style=\"; background-color:#3b5998; color:#fff\" target=\"_blank\"><span class=\"shariff-icon\" style=\"\"><svg width=\"32px\" height=\"20px\" xmlns=\"http:\/\/www.w3.org\/2000\/svg\" viewBox=\"0 0 18 32\"><path fill=\"#3b5998\" d=\"M17.1 0.2v4.7h-2.8q-1.5 0-2.1 0.6t-0.5 1.9v3.4h5.2l-0.7 5.3h-4.5v13.6h-5.5v-13.6h-4.5v-5.3h4.5v-3.9q0-3.3 1.9-5.2t5-1.8q2.6 0 4.1 0.2z\"\/><\/svg><\/span><\/a><\/li><li class=\"shariff-button flipboard shariff-nocustomcolor\" style=\"background-color:#373737\"><a href=\"https:\/\/share.flipboard.com\/bookmarklet\/popout?v=2&title=Der%20Gesamtkontext%20bestimmt%20das%20Verst%C3%A4ndnis&url=https%3A%2F%2Fwww.memecon.info%2F%3Fp%3D1259\" title=\"Bei Flipboard teilen\" aria-label=\"Bei Flipboard teilen\" role=\"button\" rel=\"noopener nofollow\" class=\"shariff-link\" style=\"; background-color:#f52828; color:#fff\" target=\"_blank\"><span class=\"shariff-icon\" style=\"\"><svg width=\"24px\" height=\"24px\" xmlns=\"http:\/\/www.w3.org\/2000\/svg\" viewBox=\"0 0 24 24\"><path fill=\"#f52828\" d=\"M0 0h8v24H0V0zm9 9h7v7H9V9zm0-9h15v8H9V0z\"\/><\/svg><\/span><\/a><\/li><li class=\"shariff-button twitter shariff-nocustomcolor\" style=\"background-color:#595959\"><a href=\"https:\/\/twitter.com\/share?url=https%3A%2F%2Fwww.memecon.info%2F%3Fp%3D1259&text=Der%20Gesamtkontext%20bestimmt%20das%20Verst%C3%A4ndnis\" title=\"Bei X teilen\" aria-label=\"Bei X teilen\" role=\"button\" rel=\"noopener nofollow\" class=\"shariff-link\" style=\"; background-color:#000; color:#fff\" target=\"_blank\"><span class=\"shariff-icon\" style=\"\"><svg width=\"32px\" height=\"20px\" xmlns=\"http:\/\/www.w3.org\/2000\/svg\" viewBox=\"0 0 24 24\"><path fill=\"#000\" d=\"M14.258 10.152L23.176 0h-2.113l-7.747 8.813L7.133 0H0l9.352 13.328L0 23.973h2.113l8.176-9.309 6.531 9.309h7.133zm-2.895 3.293l-.949-1.328L2.875 1.56h3.246l6.086 8.523.945 1.328 7.91 11.078h-3.246zm0 0\"\/><\/svg><\/span><\/a><\/li><\/ul><\/div>","protected":false},"excerpt":{"rendered":"<p>Die Sprache bietet keine hinreichende Grundlage, um einen Satz zu interpretieren. Rei\u00dfen wir einen der Weltliteratur aus seinem Kontext &#8211; \u201eDer Mann frug, ob sie ihm gestatte, zu rauchen, offenbar nicht, dass er rauchen konnte, sondern um mit ihr eine Unterhaltung anzuspinnen\u201d. Man kann sich besser vorstellen, was gerade passiert, wenn man wei\u00df, dass der Satz aus Anna Karenina von Leo Tolstoj stammt. Sofort passen sich die inneren Bilder an. Macht man sich noch bewusst, dass man sich in einem Zugabteil befindet, kommt man der Sachlage noch n\u00e4her. Die folgende Abbildung schafft links einen Bezugsrahmen und bietet rechts Genussmittel f\u00fcr Raucher. Welches passt am besten? Das h\u00e4ngt davon ab, welcher [&hellip;]<\/p>\n","protected":false},"author":1,"featured_media":0,"comment_status":"closed","ping_status":"closed","sticky":false,"template":"","format":"standard","meta":{"_crdt_document":"","footnotes":""},"categories":[22,3],"tags":[249,1167,1168,51],"class_list":["post-1259","post","type-post","status-publish","format-standard","hentry","category-bedeutungsgestaltung","category-deutsch","tag-kontext","tag-praesentation","tag-veranstaltung","tag-zielgruppe"],"aioseo_notices":[],"_links":{"self":[{"href":"https:\/\/www.memecon.info\/index.php?rest_route=\/wp\/v2\/posts\/1259","targetHints":{"allow":["GET"]}}],"collection":[{"href":"https:\/\/www.memecon.info\/index.php?rest_route=\/wp\/v2\/posts"}],"about":[{"href":"https:\/\/www.memecon.info\/index.php?rest_route=\/wp\/v2\/types\/post"}],"author":[{"embeddable":true,"href":"https:\/\/www.memecon.info\/index.php?rest_route=\/wp\/v2\/users\/1"}],"replies":[{"embeddable":true,"href":"https:\/\/www.memecon.info\/index.php?rest_route=%2Fwp%2Fv2%2Fcomments&post=1259"}],"version-history":[{"count":0,"href":"https:\/\/www.memecon.info\/index.php?rest_route=\/wp\/v2\/posts\/1259\/revisions"}],"wp:attachment":[{"href":"https:\/\/www.memecon.info\/index.php?rest_route=%2Fwp%2Fv2%2Fmedia&parent=1259"}],"wp:term":[{"taxonomy":"category","embeddable":true,"href":"https:\/\/www.memecon.info\/index.php?rest_route=%2Fwp%2Fv2%2Fcategories&post=1259"},{"taxonomy":"post_tag","embeddable":true,"href":"https:\/\/www.memecon.info\/index.php?rest_route=%2Fwp%2Fv2%2Ftags&post=1259"}],"curies":[{"name":"wp","href":"https:\/\/api.w.org\/{rel}","templated":true}]}}