{"id":1278,"date":"2016-07-23T11:51:25","date_gmt":"2016-07-23T11:51:25","guid":{"rendered":"http:\/\/memecon.info\/?p=1278"},"modified":"2022-10-19T05:59:40","modified_gmt":"2022-10-19T05:59:40","slug":"flatrate-fuer-die-sinnenwelt","status":"publish","type":"post","link":"https:\/\/www.memecon.info\/?p=1278","title":{"rendered":"Flatrate f\u00fcr die Sinnenwelt?"},"content":{"rendered":"<p>Unsere sinnliche Wahrnehmung findet in jedem einzelnen Kopf statt. Nichtsdestotrotz haben wir alle scheinbar \u00e4hnliche Eindr\u00fccke. Unternehmen bem\u00fchen sich, um diese grunds\u00e4tzlichen Empfindungen zu ihrem Vorteil zu sch\u00fctzen. Dabei ist der eigentlich sch\u00fctzenswerte Aspekt die Gestaltung, die original von den Unternehmen entwickelt wird &#8211; die Schriftart, das Logo, das Produkt, die Verpackung. Die Konsumwelt wird heute jedoch mehr bestimmt durch das Markenmanagement als durch Unterschiede in der G\u00fcte der Produkte. Aus diesem Grund errechnet sich der Preis aus den Herstellungskosten plus dem Markenwert. Werden Farben der standardisierten Farbpaletten jetzt auch sch\u00fctzenswerte Eigenschaften? Sind nat\u00fcrliche Ger\u00e4usche eine Lizenz wert? Kann man unsere Gesten und unsere Haptik sch\u00fctzen? Ist der Geruch eines Parf\u00fcms schutzw\u00fcrdig? L\u00e4sst sich der Geschmack eines Apfels mit einer Nutzungslizenz versehen? Im Zuge der \u00d6konomisierung aller Bereiche des Alltags n\u00e4hern wir uns vielleicht der n\u00e4chsten Stufe &#8211; einer Flatrate f\u00fcr die Sinnenwelt.<\/p>\n<p><a href=\"https:\/\/www.memecon.info\/wp-content\/uploads\/2016\/07\/vakog-1.jpg\"><img loading=\"lazy\" decoding=\"async\" class=\"alignnone size-full wp-image-4143\" src=\"https:\/\/www.memecon.info\/wp-content\/uploads\/2016\/07\/vakog-1.jpg\" alt=\"\" width=\"835\" height=\"641\" srcset=\"https:\/\/www.memecon.info\/wp-content\/uploads\/2016\/07\/vakog-1.jpg 835w, https:\/\/www.memecon.info\/wp-content\/uploads\/2016\/07\/vakog-1-300x230.jpg 300w, https:\/\/www.memecon.info\/wp-content\/uploads\/2016\/07\/vakog-1-768x590.jpg 768w, https:\/\/www.memecon.info\/wp-content\/uploads\/2016\/07\/vakog-1-624x479.jpg 624w\" sizes=\"auto, (max-width: 835px) 100vw, 835px\" \/><\/a><\/p>\n<p>Urspr\u00fcnglich hat sich der Markenschutz auf die originalen Produkte beschr\u00e4nkt. Langsam streben Unternehmen mit Patenten und dem Schutz von Marken an, sich auch Teile unserer Sinnenwelt zu sichern.<\/p>\n<ul>\n<li><strong>Mit offenen Augen<br \/>\n<\/strong>Das eigentliche Bild, das ein Bildgestalter geschaffen hat, ist schon lange gesch\u00fctzt. Mittlerweile sind aber auch \u00e4hnliche Bilder eine Verletzung der Rechte eines Urhebers. Selbst Farben des nat\u00fcrlichen Farbspektrums werden als Eigentum eines Unternehmens behandelt &#8211; Beispiele sind Milka-Lila, Aral-Blau oder Telemagenta der Telekom.<\/li>\n<li><strong>Mit offenen Ohren<\/strong><br \/>\nDie originale Aufnahme eines Lautmalers ist heute schon gesch\u00fctzt. Im Falle von Musik ist sogar das Konzept eines St\u00fcckes, die Komposition, bis 70 Jahre nach dem Tod des Komponisten gesch\u00fctzt. Wie lange wird es dauern bis nicht nur die originalen Aufnahmen, sondern auch allgemeine Lautsignale lizenziert werden &#8211; der Schrei eines beliebigen Vogels oder das bekannte Rauschen des Meeres? Ein gutes Beispiel ist der Herzschlag am Ende einer Audi-Werbung \u201eDuke Du ke\u201c oder der Klingelton der Telekom \u201eDaDaDaDiDa\u201c.<\/li>\n<li><strong>Mit bewusstem Tasten<\/strong><br \/>\nDas urspr\u00fcngliche Objekt mit seiner Oberfl\u00e4che und seinem Material und der damit verbundene Programmcode sind gesch\u00fctzt. Sobald wir jedoch einen \u00e4hnlichen Reiz erhalten, beginnen die Rechtsstreitigkeiten. Wenn Apple versucht seine Schiebe-Geste zum Entsperren eines Smartphones zu sch\u00fctzen. Oder Verizon eine Touchscreen-Haptik anderen untersagen wollte. Wird irgendwann das Gef\u00fchl von nat\u00fcrlichen Oberfl\u00e4chen, wie Leder, Holz oder das Fell eines Pferdes, patentrechtlich gesch\u00fctzt?<\/li>\n<li><strong>Mit kritischer Zunge<\/strong><br \/>\nDie echte Rezeptur einer Speise oder eines Getr\u00e4nks ist bereits gesch\u00fctzt. Sobald jedoch jemand in der Lage ist \u00e4hnliche Reize auszul\u00f6sen, stellt sich die Frage, ob dies erlaubt ist. Am Ende werden wir uns die Frage stellen, ob der Geschmack eines Apfels an sich gesch\u00fctzt werden kann.<\/li>\n<li><strong>Mit sensibler Nase<\/strong><br \/>\nDie Zusammensetzung, die einen bestimmten Geruch erzeugt, ergibt sich aus dem Verh\u00e4ltnis und der Qualit\u00e4t der einzelnen Bestandteile. Derartige Elemente d\u00fcrfen heute nur nach entsprechender Lizenzierung genutzt werden. Stellen wir uns jedoch vor, jemand ist in der Lage mit einer v\u00f6llig anderen Zusammensetzung den gleichen Effekt von Chanel No.5 zu erzeugen. Und was ist mit den vielen nat\u00fcrlichen D\u00fcften &#8211; der Duft von Zitronen, Rosen, Blumen oder Heu? Sind diese schutzw\u00fcrdig?<\/li>\n<\/ul>\n<p>Solange keiner seinen Widerspruch einlegt, k\u00f6nnen die Unternehmen sich langsam diese Bereiche unserer Wahrnehmung zu eigen machen und irgendwann Geb\u00fchren f\u00fcr deren Wahrnehmung fordern. Bei Wasser haben wir das Problem bereits. Die Ausbeutung von Wasser an den Oberl\u00e4ufen der Fl\u00fcsse f\u00fchrt bereits zu Krisen im weiteren Flussverlauf. Dies k\u00f6nnte irgendwann auch dazu f\u00fchren, dass die Luft, die wir atmen, oder ein Sonnenaufgang von uns bezahlt werden muss.<\/p>\n<p>Fazit: Die \u00d6konomisierung von immer mehr Bereichen des Alltags schr\u00e4nkt das Allgemeingut ein. Diese Entwicklung wird sich nur zu einem fr\u00fchen Zeitpunkt stoppen lassen. Vielleicht ist jetzt der Moment sich gegen eine Flatrate f\u00fcr unsere Sinnenwelt zu wehren.<\/p>\n<div class=\"shariff shariff-align-left shariff-widget-align-left\"><ul class=\"shariff-buttons theme-round orientation-horizontal buttonsize-medium\"><li class=\"shariff-button xing shariff-nocustomcolor\" style=\"background-color:#29888a\"><a href=\"https:\/\/www.xing.com\/spi\/shares\/new?url=https%3A%2F%2Fwww.memecon.info%2F%3Fp%3D1278\" title=\"Bei XING teilen\" aria-label=\"Bei XING teilen\" role=\"button\" rel=\"noopener nofollow\" class=\"shariff-link\" style=\"; background-color:#126567; color:#fff\" target=\"_blank\"><span class=\"shariff-icon\" style=\"\"><svg width=\"32px\" height=\"20px\" xmlns=\"http:\/\/www.w3.org\/2000\/svg\" viewBox=\"0 0 25 32\"><path fill=\"#126567\" d=\"M10.7 11.9q-0.2 0.3-4.6 8.2-0.5 0.8-1.2 0.8h-4.3q-0.4 0-0.5-0.3t0-0.6l4.5-8q0 0 0 0l-2.9-5q-0.2-0.4 0-0.7 0.2-0.3 0.5-0.3h4.3q0.7 0 1.2 0.8zM25.1 0.4q0.2 0.3 0 0.7l-9.4 16.7 6 11q0.2 0.4 0 0.6-0.2 0.3-0.6 0.3h-4.3q-0.7 0-1.2-0.8l-6-11.1q0.3-0.6 9.5-16.8 0.4-0.8 1.2-0.8h4.3q0.4 0 0.5 0.3z\"\/><\/svg><\/span><\/a><\/li><li class=\"shariff-button linkedin shariff-nocustomcolor\" style=\"background-color:#1488bf\"><a href=\"https:\/\/www.linkedin.com\/sharing\/share-offsite\/?url=https%3A%2F%2Fwww.memecon.info%2F%3Fp%3D1278\" title=\"Bei LinkedIn teilen\" aria-label=\"Bei LinkedIn teilen\" role=\"button\" rel=\"noopener nofollow\" class=\"shariff-link\" style=\"; background-color:#0077b5; color:#fff\" target=\"_blank\"><span class=\"shariff-icon\" style=\"\"><svg width=\"32px\" height=\"20px\" xmlns=\"http:\/\/www.w3.org\/2000\/svg\" viewBox=\"0 0 27 32\"><path fill=\"#0077b5\" d=\"M6.2 11.2v17.7h-5.9v-17.7h5.9zM6.6 5.7q0 1.3-0.9 2.2t-2.4 0.9h0q-1.5 0-2.4-0.9t-0.9-2.2 0.9-2.2 2.4-0.9 2.4 0.9 0.9 2.2zM27.4 18.7v10.1h-5.9v-9.5q0-1.9-0.7-2.9t-2.3-1.1q-1.1 0-1.9 0.6t-1.2 1.5q-0.2 0.5-0.2 1.4v9.9h-5.9q0-7.1 0-11.6t0-5.3l0-0.9h5.9v2.6h0q0.4-0.6 0.7-1t1-0.9 1.6-0.8 2-0.3q3 0 4.9 2t1.9 6z\"\/><\/svg><\/span><\/a><\/li><li class=\"shariff-button facebook shariff-nocustomcolor\" style=\"background-color:#4273c8\"><a href=\"https:\/\/www.facebook.com\/sharer\/sharer.php?u=https%3A%2F%2Fwww.memecon.info%2F%3Fp%3D1278\" title=\"Bei Facebook teilen\" aria-label=\"Bei Facebook teilen\" role=\"button\" rel=\"nofollow\" class=\"shariff-link\" style=\"; background-color:#3b5998; color:#fff\" target=\"_blank\"><span class=\"shariff-icon\" style=\"\"><svg width=\"32px\" height=\"20px\" xmlns=\"http:\/\/www.w3.org\/2000\/svg\" viewBox=\"0 0 18 32\"><path fill=\"#3b5998\" d=\"M17.1 0.2v4.7h-2.8q-1.5 0-2.1 0.6t-0.5 1.9v3.4h5.2l-0.7 5.3h-4.5v13.6h-5.5v-13.6h-4.5v-5.3h4.5v-3.9q0-3.3 1.9-5.2t5-1.8q2.6 0 4.1 0.2z\"\/><\/svg><\/span><\/a><\/li><li class=\"shariff-button flipboard shariff-nocustomcolor\" style=\"background-color:#373737\"><a href=\"https:\/\/share.flipboard.com\/bookmarklet\/popout?v=2&title=Flatrate%20f%C3%BCr%20die%20Sinnenwelt%3F&url=https%3A%2F%2Fwww.memecon.info%2F%3Fp%3D1278\" title=\"Bei Flipboard teilen\" aria-label=\"Bei Flipboard teilen\" role=\"button\" rel=\"noopener nofollow\" class=\"shariff-link\" style=\"; background-color:#f52828; color:#fff\" target=\"_blank\"><span class=\"shariff-icon\" style=\"\"><svg width=\"24px\" height=\"24px\" xmlns=\"http:\/\/www.w3.org\/2000\/svg\" viewBox=\"0 0 24 24\"><path fill=\"#f52828\" d=\"M0 0h8v24H0V0zm9 9h7v7H9V9zm0-9h15v8H9V0z\"\/><\/svg><\/span><\/a><\/li><li class=\"shariff-button twitter shariff-nocustomcolor\" style=\"background-color:#595959\"><a href=\"https:\/\/twitter.com\/share?url=https%3A%2F%2Fwww.memecon.info%2F%3Fp%3D1278&text=Flatrate%20f%C3%BCr%20die%20Sinnenwelt%3F\" title=\"Bei X teilen\" aria-label=\"Bei X teilen\" role=\"button\" rel=\"noopener nofollow\" class=\"shariff-link\" style=\"; background-color:#000; color:#fff\" target=\"_blank\"><span class=\"shariff-icon\" style=\"\"><svg width=\"32px\" height=\"20px\" xmlns=\"http:\/\/www.w3.org\/2000\/svg\" viewBox=\"0 0 24 24\"><path fill=\"#000\" d=\"M14.258 10.152L23.176 0h-2.113l-7.747 8.813L7.133 0H0l9.352 13.328L0 23.973h2.113l8.176-9.309 6.531 9.309h7.133zm-2.895 3.293l-.949-1.328L2.875 1.56h3.246l6.086 8.523.945 1.328 7.91 11.078h-3.246zm0 0\"\/><\/svg><\/span><\/a><\/li><\/ul><\/div>","protected":false},"excerpt":{"rendered":"<p>Unsere sinnliche Wahrnehmung findet in jedem einzelnen Kopf statt. Nichtsdestotrotz haben wir alle scheinbar \u00e4hnliche Eindr\u00fccke. Unternehmen bem\u00fchen sich, um diese grunds\u00e4tzlichen Empfindungen zu ihrem Vorteil zu sch\u00fctzen. Dabei ist der eigentlich sch\u00fctzenswerte Aspekt die Gestaltung, die original von den Unternehmen entwickelt wird &#8211; die Schriftart, das Logo, das Produkt, die Verpackung. Die Konsumwelt wird heute jedoch mehr bestimmt durch das Markenmanagement als durch Unterschiede in der G\u00fcte der Produkte. Aus diesem Grund errechnet sich der Preis aus den Herstellungskosten plus dem Markenwert. Werden Farben der standardisierten Farbpaletten jetzt auch sch\u00fctzenswerte Eigenschaften? Sind nat\u00fcrliche Ger\u00e4usche eine Lizenz wert? Kann man unsere Gesten und unsere Haptik sch\u00fctzen? Ist der Geruch eines [&hellip;]<\/p>\n","protected":false},"author":1,"featured_media":0,"comment_status":"closed","ping_status":"closed","sticky":false,"template":"","format":"standard","meta":{"_crdt_document":"","footnotes":""},"categories":[3,21],"tags":[1198,1189,1197,1195,1193,1190,1196,1191,1194,1192],"class_list":["post-1278","post","type-post","status-publish","format-standard","hentry","category-deutsch","category-verschiedenes","tag-auditiv","tag-augen","tag-gustatorisch","tag-kinesthetisch","tag-nase","tag-ohren","tag-olfaktorisch","tag-tasten","tag-visuell","tag-zunge"],"aioseo_notices":[],"_links":{"self":[{"href":"https:\/\/www.memecon.info\/index.php?rest_route=\/wp\/v2\/posts\/1278","targetHints":{"allow":["GET"]}}],"collection":[{"href":"https:\/\/www.memecon.info\/index.php?rest_route=\/wp\/v2\/posts"}],"about":[{"href":"https:\/\/www.memecon.info\/index.php?rest_route=\/wp\/v2\/types\/post"}],"author":[{"embeddable":true,"href":"https:\/\/www.memecon.info\/index.php?rest_route=\/wp\/v2\/users\/1"}],"replies":[{"embeddable":true,"href":"https:\/\/www.memecon.info\/index.php?rest_route=%2Fwp%2Fv2%2Fcomments&post=1278"}],"version-history":[{"count":2,"href":"https:\/\/www.memecon.info\/index.php?rest_route=\/wp\/v2\/posts\/1278\/revisions"}],"predecessor-version":[{"id":4144,"href":"https:\/\/www.memecon.info\/index.php?rest_route=\/wp\/v2\/posts\/1278\/revisions\/4144"}],"wp:attachment":[{"href":"https:\/\/www.memecon.info\/index.php?rest_route=%2Fwp%2Fv2%2Fmedia&parent=1278"}],"wp:term":[{"taxonomy":"category","embeddable":true,"href":"https:\/\/www.memecon.info\/index.php?rest_route=%2Fwp%2Fv2%2Fcategories&post=1278"},{"taxonomy":"post_tag","embeddable":true,"href":"https:\/\/www.memecon.info\/index.php?rest_route=%2Fwp%2Fv2%2Ftags&post=1278"}],"curies":[{"name":"wp","href":"https:\/\/api.w.org\/{rel}","templated":true}]}}