{"id":2058,"date":"2018-10-13T16:37:34","date_gmt":"2018-10-13T16:37:34","guid":{"rendered":"http:\/\/www.memecon.info\/?p=2058"},"modified":"2018-10-14T09:42:18","modified_gmt":"2018-10-14T09:42:18","slug":"agilemma-die-ich-rief-die-geister-werd-ich-nun-nicht-los","status":"publish","type":"post","link":"https:\/\/www.memecon.info\/?p=2058","title":{"rendered":"Agilemma &#8211; Die ich rief, die Geister, werd ich nun nicht los"},"content":{"rendered":"<p>Auch wenn man sich auf seinem Stuhl festschnallt, die T\u00fcr schlie\u00dft und vor dem B\u00fcro eine Gruppe von T\u00fcrsteherinnen platziert, kann man sich als F\u00fchrungskraft nicht vor den Anforderungen der VUKA-Welt verstecken. Die Geschwindigkeit, in der reagiert werden muss, und die Menge an ben\u00f6tigten F\u00e4higkeiten erlauben es nicht mehr, auf die starren Ger\u00fcste der Vergangenheit zu setzen. Wenn selbst das amerikanische Milit\u00e4r seine Troops mit einem neuen F\u00fchrungsstil aufstellt, sollte auch dem letzten klar werden, dass die Zeit reif ist f\u00fcr neue F\u00fchrungsstile. Da die L\u00f6sung f\u00fcr jeden anders aussieht, m\u00fcssen wir unseren Ansatz selbst gestalten. Gleichzeitig laufen wir Gefahr, zum Zauberlehrling und von den freigesetzten Kr\u00e4ften \u00fcberrollt zu werden. &#8211; die ich rief, die Geister, werd ich nun nicht los.<\/p>\n<p><a href=\"http:\/\/www.memecon.info\/wp-content\/uploads\/2018\/09\/zauberlehrling.jpg\"><img loading=\"lazy\" decoding=\"async\" class=\"alignnone size-full wp-image-2056\" src=\"http:\/\/www.memecon.info\/wp-content\/uploads\/2018\/09\/zauberlehrling.jpg\" alt=\"\" width=\"835\" height=\"641\" srcset=\"https:\/\/www.memecon.info\/wp-content\/uploads\/2018\/09\/zauberlehrling.jpg 835w, https:\/\/www.memecon.info\/wp-content\/uploads\/2018\/09\/zauberlehrling-300x230.jpg 300w, https:\/\/www.memecon.info\/wp-content\/uploads\/2018\/09\/zauberlehrling-768x590.jpg 768w, https:\/\/www.memecon.info\/wp-content\/uploads\/2018\/09\/zauberlehrling-624x479.jpg 624w\" sizes=\"auto, (max-width: 835px) 100vw, 835px\" \/><\/a><\/p>\n<p>Es gibt drei Aspekte, die einen als F\u00fchrungskraft zerrei\u00dfen und die Angst keimen lassen, dass man die Kontrolle f\u00fcr immer verliert, wenn man die Schleusen einmal ge\u00f6ffnet hat.<\/p>\n<ul>\n<li><strong>Neue Konzepte<\/strong><br \/>\nWas braucht es, um loszulassen und sich auf spontane Improvisationen einzulassen, die durch die selbst organisierten Beteiligten zu einem \u00fcberzeugenden Ergebnis f\u00fchren. Bisher wurde das Engagement aller durch die Verteilung der Aufgaben, Kompetenz und Verantwortung auf verschiedene Schultern erdr\u00fcckt. Den gr\u00f6\u00dften Effekt erzielt man, wenn alles in einer Hand liegt und die Gruppe f\u00fcr das Ergebnis geradesteht. Alle sparen dadurch nicht nur die unproduktive Zeit der detaillierten Planung, das Ausbremsen der Kollegen durch eine \u00fcberzogene Steuerung oder die Entlastung durch Schuldzuweisung an Andere. Wer diese Ver\u00e4nderungen nicht selbst vorantreibt, der wird von den Ver\u00e4nderungen getrieben &#8211; jetzt, oder vielleicht erst morgen.<\/li>\n<li><strong>Andere F\u00fchrungsstile<\/strong><br \/>\nDie Truppe steht nicht mehr in Reih und Glied und befolgt Befehle. Sie haben eigene Ideen und Vorstellungen, die sie umsetzen <u>wollen<\/u>. Der Wettbewerb findet nicht mehr zwischen den eigenen Teamkollegen statt, sondern mit anderen Gruppen. In Zukunft h\u00e4ngt das Schicksal der Einzelnen am Los des ganzen Teams. F\u00fcr die F\u00fchrungskraft bedeutet das, dass man nicht mehr die Organisation entwickelt, indem man die Stellen gestaltet und regelm\u00e4\u00dfig das Verhalten der Mitarbeiter kontrolliert. Der Chef ist jetzt Coach, f\u00f6rdert seine Mitarbeiter als verf\u00fcgbarer Ansprechpartner und l\u00f6st ihnen die unl\u00f6sbaren Schwierigkeiten. Die Gruppe wird als Ganzes gef\u00f6rdert, lernt gemeinsam und teilt Freud und Leid des Ergebnisses. Wer sich darauf nicht einl\u00e4sst, verliert die Gefolgschaft der Mitarbeiter und damit seine Bestimmung als F\u00fchrungskraft.<\/li>\n<li><strong>Wertebasierte Governance<\/strong><br \/>\nOhne Governance ging es in der Vergangenheit nicht und in Gruppen wird es nie ohne gehen. Die pers\u00f6nliche Verbindlichkeit ist der Hauptgrund f\u00fcr die Bereitschaft der Mitarbeiter sich einzubringen. Die Gesetze, Normen und Richtlinien machen die Vorschriften aus, an die man sich halten MUSS &#8211; ansonsten kommt es zu mehr oder weniger festgeschriebenen Sanktionen. Am Ende f\u00fchrt das dazu, <em>die Dinge richtig zu tun<\/em> &#8211; vor allem im \u00f6konomischen Sinne. Versch\u00e4rft wird diese Art der Governance durch gefilterte Informationen, deren Credo von \u201eWissen ist Macht\u201c gepr\u00e4gt ist &#8211; von Zensur zu sprechen ist auch nicht ganz falsch. Der neue Ansatz konzentriert sich darauf, aus innerer \u00dcberzeugung<em> das Richtige zu tun<\/em>. Der Treibstoff ist nicht die Angst vor Strafe, sondern die intrinsische Verbindlichkeit seiner Aufgabe gegen\u00fcber. Dies ben\u00f6tigt Informationsverteiler, die die Beteiligten auf einem aktuellen Stand halten. Wer diese wertebasierte Steuerung nicht umsetzen kann, wird von den alten Regeln erdr\u00fcckt und schlie\u00dflich obsolet.<\/li>\n<\/ul>\n<p>Dies bedeutet nicht, dass der Anarchie T\u00fcre und Tore ge\u00f6ffnet werden. Es geht darum, dem Team und damit jedem einzelnen Mitarbeiter, Gestaltungsfreir\u00e4ume zu schaffen, die es erm\u00f6glichen mit den vorhandenen Kr\u00e4ften mehr zu erreichen, anstelle sich mit unsinnigen (Selbst-)Beschr\u00e4nkungen wirkungslos zu ersch\u00f6pfen.<\/p>\n<p>Fazit: Der Herr dieser magischen Kr\u00e4fte ist nicht der <a href=\"https:\/\/de.wikipedia.org\/wiki\/Der_Zauberlehrling\">Zauberlehrling<\/a>, sondern der Meister. Der Kontrollverlust des Auszubildenden kommt daher, dass er eben noch nicht genug ge\u00fcbt hat. Deshalb formuliert er etwas fr\u00fch:<\/p>\n<p style=\"text-align: center;\">Walle! Walle!<br \/>\nManche Strecke,<br \/>\ndass, zum Zwecke,<br \/>\nWasser flie\u00dfe<br \/>\nund mit reichem, vollem Schwalle<br \/>\nzu dem Bade sich ergie\u00dfe.<\/p>\n<p style=\"text-align: center;\">Johann Wolfgang von Goethe, Der Zauberlehrling<\/p>\n<p>ohne die F\u00e4higkeit zu haben, den Befehl r\u00fcckg\u00e4ngig zu machen. Der eine oder andere kann sich bestimmt in die Hilflosigkeit des Zauberlehrlings hineinversetzen. Noch sind alle Betroffenen eingebunden in die alten Strukturen. Gleichzeitig erkennen viele die M\u00f6glichkeiten, aber wollen nicht in die Situation des Zauberlehrlings geraten. Aus diesem Grund sollte man sich pro-aktiv mit den neuen Ans\u00e4tzen der Agilit\u00e4t besch\u00e4ftigen. In abgegrenzten Sonderbetriebszonen, die von den alten Regeln befreit werden, k\u00f6nnen die neuen Konzepte, andere F\u00fchrungsstile und die wertebasierte Governance von allen ge\u00fcbt werden. Das Agilemma l\u00f6st sich so langsam auf und die Geister, die man rief, will man nicht mehr los werden, sondern in immer gr\u00f6\u00dferen Kreisen nutzen.<\/p>\n<div class=\"shariff shariff-align-left shariff-widget-align-left\"><ul class=\"shariff-buttons theme-round orientation-horizontal buttonsize-medium\"><li class=\"shariff-button xing shariff-nocustomcolor\" style=\"background-color:#29888a\"><a href=\"https:\/\/www.xing.com\/spi\/shares\/new?url=https%3A%2F%2Fwww.memecon.info%2F%3Fp%3D2058\" title=\"Bei XING teilen\" aria-label=\"Bei XING teilen\" role=\"button\" rel=\"noopener nofollow\" class=\"shariff-link\" style=\"; background-color:#126567; color:#fff\" target=\"_blank\"><span class=\"shariff-icon\" style=\"\"><svg width=\"32px\" height=\"20px\" xmlns=\"http:\/\/www.w3.org\/2000\/svg\" viewBox=\"0 0 25 32\"><path fill=\"#126567\" d=\"M10.7 11.9q-0.2 0.3-4.6 8.2-0.5 0.8-1.2 0.8h-4.3q-0.4 0-0.5-0.3t0-0.6l4.5-8q0 0 0 0l-2.9-5q-0.2-0.4 0-0.7 0.2-0.3 0.5-0.3h4.3q0.7 0 1.2 0.8zM25.1 0.4q0.2 0.3 0 0.7l-9.4 16.7 6 11q0.2 0.4 0 0.6-0.2 0.3-0.6 0.3h-4.3q-0.7 0-1.2-0.8l-6-11.1q0.3-0.6 9.5-16.8 0.4-0.8 1.2-0.8h4.3q0.4 0 0.5 0.3z\"\/><\/svg><\/span><\/a><\/li><li class=\"shariff-button linkedin shariff-nocustomcolor\" style=\"background-color:#1488bf\"><a href=\"https:\/\/www.linkedin.com\/sharing\/share-offsite\/?url=https%3A%2F%2Fwww.memecon.info%2F%3Fp%3D2058\" title=\"Bei LinkedIn teilen\" aria-label=\"Bei LinkedIn teilen\" role=\"button\" rel=\"noopener nofollow\" class=\"shariff-link\" style=\"; background-color:#0077b5; color:#fff\" target=\"_blank\"><span class=\"shariff-icon\" style=\"\"><svg width=\"32px\" height=\"20px\" xmlns=\"http:\/\/www.w3.org\/2000\/svg\" viewBox=\"0 0 27 32\"><path fill=\"#0077b5\" d=\"M6.2 11.2v17.7h-5.9v-17.7h5.9zM6.6 5.7q0 1.3-0.9 2.2t-2.4 0.9h0q-1.5 0-2.4-0.9t-0.9-2.2 0.9-2.2 2.4-0.9 2.4 0.9 0.9 2.2zM27.4 18.7v10.1h-5.9v-9.5q0-1.9-0.7-2.9t-2.3-1.1q-1.1 0-1.9 0.6t-1.2 1.5q-0.2 0.5-0.2 1.4v9.9h-5.9q0-7.1 0-11.6t0-5.3l0-0.9h5.9v2.6h0q0.4-0.6 0.7-1t1-0.9 1.6-0.8 2-0.3q3 0 4.9 2t1.9 6z\"\/><\/svg><\/span><\/a><\/li><li class=\"shariff-button facebook shariff-nocustomcolor\" style=\"background-color:#4273c8\"><a href=\"https:\/\/www.facebook.com\/sharer\/sharer.php?u=https%3A%2F%2Fwww.memecon.info%2F%3Fp%3D2058\" title=\"Bei Facebook teilen\" aria-label=\"Bei Facebook teilen\" role=\"button\" rel=\"nofollow\" class=\"shariff-link\" style=\"; background-color:#3b5998; color:#fff\" target=\"_blank\"><span class=\"shariff-icon\" style=\"\"><svg width=\"32px\" height=\"20px\" xmlns=\"http:\/\/www.w3.org\/2000\/svg\" viewBox=\"0 0 18 32\"><path fill=\"#3b5998\" d=\"M17.1 0.2v4.7h-2.8q-1.5 0-2.1 0.6t-0.5 1.9v3.4h5.2l-0.7 5.3h-4.5v13.6h-5.5v-13.6h-4.5v-5.3h4.5v-3.9q0-3.3 1.9-5.2t5-1.8q2.6 0 4.1 0.2z\"\/><\/svg><\/span><\/a><\/li><li class=\"shariff-button flipboard shariff-nocustomcolor\" style=\"background-color:#373737\"><a href=\"https:\/\/share.flipboard.com\/bookmarklet\/popout?v=2&title=Agilemma%20%E2%80%93%20Die%20ich%20rief%2C%20die%20Geister%2C%20werd%20ich%20nun%20nicht%20los&url=https%3A%2F%2Fwww.memecon.info%2F%3Fp%3D2058\" title=\"Bei Flipboard teilen\" aria-label=\"Bei Flipboard teilen\" role=\"button\" rel=\"noopener nofollow\" class=\"shariff-link\" style=\"; background-color:#f52828; color:#fff\" target=\"_blank\"><span class=\"shariff-icon\" style=\"\"><svg width=\"24px\" height=\"24px\" xmlns=\"http:\/\/www.w3.org\/2000\/svg\" viewBox=\"0 0 24 24\"><path fill=\"#f52828\" d=\"M0 0h8v24H0V0zm9 9h7v7H9V9zm0-9h15v8H9V0z\"\/><\/svg><\/span><\/a><\/li><li class=\"shariff-button twitter shariff-nocustomcolor\" style=\"background-color:#595959\"><a href=\"https:\/\/twitter.com\/share?url=https%3A%2F%2Fwww.memecon.info%2F%3Fp%3D2058&text=Agilemma%20%E2%80%93%20Die%20ich%20rief%2C%20die%20Geister%2C%20werd%20ich%20nun%20nicht%20los\" title=\"Bei X teilen\" aria-label=\"Bei X teilen\" role=\"button\" rel=\"noopener nofollow\" class=\"shariff-link\" style=\"; background-color:#000; color:#fff\" target=\"_blank\"><span class=\"shariff-icon\" style=\"\"><svg width=\"32px\" height=\"20px\" xmlns=\"http:\/\/www.w3.org\/2000\/svg\" viewBox=\"0 0 24 24\"><path fill=\"#000\" d=\"M14.258 10.152L23.176 0h-2.113l-7.747 8.813L7.133 0H0l9.352 13.328L0 23.973h2.113l8.176-9.309 6.531 9.309h7.133zm-2.895 3.293l-.949-1.328L2.875 1.56h3.246l6.086 8.523.945 1.328 7.91 11.078h-3.246zm0 0\"\/><\/svg><\/span><\/a><\/li><\/ul><\/div>","protected":false},"excerpt":{"rendered":"<p>Auch wenn man sich auf seinem Stuhl festschnallt, die T\u00fcr schlie\u00dft und vor dem B\u00fcro eine Gruppe von T\u00fcrsteherinnen platziert, kann man sich als F\u00fchrungskraft nicht vor den Anforderungen der VUKA-Welt verstecken. Die Geschwindigkeit, in der reagiert werden muss, und die Menge an ben\u00f6tigten F\u00e4higkeiten erlauben es nicht mehr, auf die starren Ger\u00fcste der Vergangenheit zu setzen. Wenn selbst das amerikanische Milit\u00e4r seine Troops mit einem neuen F\u00fchrungsstil aufstellt, sollte auch dem letzten klar werden, dass die Zeit reif ist f\u00fcr neue F\u00fchrungsstile. Da die L\u00f6sung f\u00fcr jeden anders aussieht, m\u00fcssen wir unseren Ansatz selbst gestalten. Gleichzeitig laufen wir Gefahr, zum Zauberlehrling und von den freigesetzten Kr\u00e4ften \u00fcberrollt zu werden. [&hellip;]<\/p>\n","protected":false},"author":1,"featured_media":0,"comment_status":"closed","ping_status":"closed","sticky":false,"template":"","format":"standard","meta":{"_crdt_document":"","footnotes":""},"categories":[3,65],"tags":[2136,1132,2137,827,941,2184],"class_list":["post-2058","post","type-post","status-publish","format-standard","hentry","category-deutsch","category-management","tag-agilemma","tag-agilitaet","tag-fuehrungsstile","tag-governance","tag-konzepte","tag-vuka"],"aioseo_notices":[],"_links":{"self":[{"href":"https:\/\/www.memecon.info\/index.php?rest_route=\/wp\/v2\/posts\/2058","targetHints":{"allow":["GET"]}}],"collection":[{"href":"https:\/\/www.memecon.info\/index.php?rest_route=\/wp\/v2\/posts"}],"about":[{"href":"https:\/\/www.memecon.info\/index.php?rest_route=\/wp\/v2\/types\/post"}],"author":[{"embeddable":true,"href":"https:\/\/www.memecon.info\/index.php?rest_route=\/wp\/v2\/users\/1"}],"replies":[{"embeddable":true,"href":"https:\/\/www.memecon.info\/index.php?rest_route=%2Fwp%2Fv2%2Fcomments&post=2058"}],"version-history":[{"count":0,"href":"https:\/\/www.memecon.info\/index.php?rest_route=\/wp\/v2\/posts\/2058\/revisions"}],"wp:attachment":[{"href":"https:\/\/www.memecon.info\/index.php?rest_route=%2Fwp%2Fv2%2Fmedia&parent=2058"}],"wp:term":[{"taxonomy":"category","embeddable":true,"href":"https:\/\/www.memecon.info\/index.php?rest_route=%2Fwp%2Fv2%2Fcategories&post=2058"},{"taxonomy":"post_tag","embeddable":true,"href":"https:\/\/www.memecon.info\/index.php?rest_route=%2Fwp%2Fv2%2Ftags&post=2058"}],"curies":[{"name":"wp","href":"https:\/\/api.w.org\/{rel}","templated":true}]}}