{"id":2409,"date":"2019-09-14T16:20:13","date_gmt":"2019-09-14T16:20:13","guid":{"rendered":"http:\/\/www.memecon.info\/?p=2409"},"modified":"2019-09-14T16:20:13","modified_gmt":"2019-09-14T16:20:13","slug":"wem-gehoert-eigentlich-eine-tatsache","status":"publish","type":"post","link":"https:\/\/www.memecon.info\/?p=2409","title":{"rendered":"Wem geh\u00f6rt eigentlich eine Tatsache?"},"content":{"rendered":"<p>Sobald die virtuelle Mundpropaganda unmittelbar alle erreicht, geht der Beitrag eines Boten, dem \u00dcberbringer der Neuigkeit oder kurz die Leistung der traditionellen Medien, verloren. Die Agenturen k\u00f6nnen nicht \u00fcberall Reporter am Ort des Geschehens stationieren. Gleichzeitig finden sich allerorts Welt Zeugen, die mit einfachsten Mitteln eine Nachricht enth\u00fcllen und publizieren k\u00f6nnen &#8211; mit ihrem Handy via Facebook oder Instagram. Dar\u00fcber hinaus arbeiten Journalisten nach einem bestimmten Vorgehen, das mehr Zeit ben\u00f6tigt f\u00fcr die Recherche. Wenn dann noch der Fall einer lokalen Zeitung bekannt wird, die einen Artikel aufwendig recherchierte, der dann ohne Quellenangabe in einer \u00fcberregionalen Zeitung erschien, kommt man ins Gr\u00fcbeln. Unterstellt, dass die Nachricht nicht Wort f\u00fcr Wort kopiert wurde und es sich nur um die Meldung des eigentlichen Sachverhaltes handelte, stellt sich die Frage, wem die Nachricht eigentlich geh\u00f6rt &#8211; den Quellen, die die Gegebenheiten berichten? Dem Journalisten, der aufwendig recherchiert? Dem Ver\u00f6ffentlichungsmedium, das die Nachricht ver\u00f6ffentlicht? Den Zeugen, die die Inhalte beschaffen, aufbereiten und ver\u00f6ffentlichen?<\/p>\n<p><a href=\"http:\/\/www.memecon.info\/wp-content\/uploads\/2019\/06\/news.jpg\"><img loading=\"lazy\" decoding=\"async\" class=\"alignnone size-full wp-image-2407\" src=\"http:\/\/www.memecon.info\/wp-content\/uploads\/2019\/06\/news.jpg\" alt=\"\" width=\"835\" height=\"641\" srcset=\"https:\/\/www.memecon.info\/wp-content\/uploads\/2019\/06\/news.jpg 835w, https:\/\/www.memecon.info\/wp-content\/uploads\/2019\/06\/news-300x230.jpg 300w, https:\/\/www.memecon.info\/wp-content\/uploads\/2019\/06\/news-768x590.jpg 768w, https:\/\/www.memecon.info\/wp-content\/uploads\/2019\/06\/news-624x479.jpg 624w\" sizes=\"auto, (max-width: 835px) 100vw, 835px\" \/><\/a><\/p>\n<p>Tatsachen sind keine pers\u00f6nlichen, geistigen Sch\u00f6pfungen und damit per se nicht sch\u00fctzenswert. Allerdings k\u00f6nnte man Argumente finden, die die geistige Sch\u00f6pfung und vor allem die Verg\u00fctung der Nachricht nahelegen. Betroffen sind beispielsweise die folgenden Rollen.<\/p>\n<ul>\n<li><strong>Die Reporter<\/strong><br \/>\nEs gibt viele Blickwinkel, aus denen eine Nachricht erzeugt werden kann. Dazu geh\u00f6rt der Aufwand Quellen zu finden, zu sammeln und auszuwerten, um die Gegebenheiten schlie\u00dflich zu einer Nachricht zu verdichten und aufzubereiten. Sobald die Nachricht ver\u00f6ffentlicht ist, kann sie von allen als Fakt wiederverwendet werden &#8211; solange man sie nicht einfach kopiert. Die Kosten, die, durch die Journalisten und ihre Nachforschungen anfallen, bleiben an dem Verfasser oder der Agentur h\u00e4ngen, w\u00e4hrend die Trittbrettfahrer die Tatsache ausschlachten. Macht das Reporter zu Urhebern?<\/li>\n<li><strong>Die Korrespondenten<br \/>\n<\/strong>Eine Sonderform der Reporter sind die Berichterstatter, die \u00fcber die Welt verteilt, die Redaktion repr\u00e4sentieren. Die G\u00fcte einer Tatsache ist bestimmt durch ihre Vollst\u00e4ndigkeit, Richtigkeit, Aktualit\u00e4t, Relevanz und Nachvollziehbarkeit (z. B. durch mehrere, voneinander unabh\u00e4ngige Quellen). Die heutigen Informationsblasen und Echokammern funktionieren meinungsverst\u00e4rkend. Die Korrespondenten integrieren mit viel Aufwand die verschiedenen Berichte von Journalisten, um ihren eigenen Blickwinkel herauszuarbeiten. Auch diese Ausgaben sollten durch entsprechende Einnahmen abgedeckt sein. Macht das die Korrespondenten zu Urhebern?<\/li>\n<li><strong>Die Redakteure<\/strong><br \/>\nAufgrund der Flut von schwer pr\u00fcfbaren Details zu einem bestimmten Ereignis, m\u00fcssen Nachrichten einen Auswahlprozess durchlaufen, um Inhalte von Nicht-Inhalten zu trennen, d. h. die Einzelheiten herauszufiltern, die nicht zuverl\u00e4ssig genug sind und damit den Status eines Fakts nicht erreichen. Die inhaltliche und politische Ausrichtung ist dabei genauso entscheidend f\u00fcr die Redakteure, wie die Notwendigkeit, die ereignisreichsten Daten zu nutzen. Dies kann in Ermangelung von zuverl\u00e4ssigem Material dazu f\u00fchren, dass schnell auf unbest\u00e4tigte Handyvideos von Zeugen zur\u00fcckgegriffen wird &#8211; nat\u00fcrlich mit dem entsprechenden Hinweis, dass kein verl\u00e4sslicheres Material verf\u00fcgbar ist. Macht die redaktionelle Arbeit die Redakteure zu Urhebern?<\/li>\n<li><strong>Die Texter<\/strong><br \/>\nEine Nachricht ist erst mal ein Sachverhalt, der aufbereitet werden muss. Dies beginnt mit der Auswahl der Originalsequenzen und Bilder und geht bis zur Formulierung des Nachrichtentexts. Die Nutzung von Fahnen- bzw. Stigmaw\u00f6rtern gibt JEDER Nachricht einen Ton, der unbemerkt das Ereignis bewertet &#8211; beispielsweise wenn ein Attent\u00e4ter einer bestimmten Herkunft Terrorist genannt wird, w\u00e4hrend ein anderer als geistig verwirrt. Auch wenn die Rolle des Schreibers heute zumeist eine der obigen Rollen \u00fcbernimmt, muss getextet werden. Macht das die Texter zu den Urhebern?<\/li>\n<li><strong>Die Verursacher<\/strong><br \/>\nVergessen wir nicht die, die ein Ereignis ausl\u00f6sen. Dazu geh\u00f6ren Politiker, Prominente, Veranstalter, Richter, Unfallverursacher, Lebensretter und all die anderen, die eine Nachricht wert sind. Im gewissen Sinne sind sie ja die Erzeuger der Nachricht. Ohne diese Protagonisten g\u00e4be es ja keine Nachrichten. Macht das die Verursacher zu den Urhebern?<\/li>\n<\/ul>\n<p>Die Quellen, die Journalisten und das jeweilige Medium sollten einerseits f\u00fcr ihren Beitrag gew\u00fcrdigt werden und andererseits die angefallenen Aufwendungen sich auszahlen. Der originale Text ist aus sich heraus durch das Urheberrecht gesch\u00fctzt und darf nicht unentgeltlich wiederverwendet werden. Inwieweit das auch f\u00fcr die eigentlichen Fakten, deren Zusammenspiel und der sich ergebenden Einsicht gilt, ist schwierig zu beantworten. F\u00fcr die Nachrichtenmedien geht es dabei ums \u00dcberleben.<\/p>\n<p>Fazit: Die Diskussion des Urheberrechts ist noch nicht bei den sogenannten Fakten angekommen. Da die Glaubw\u00fcrdigkeit von Fakten h\u00e4ufig infrage gestellt wird, entsteht allm\u00e4hlich das generelle Verst\u00e4ndnis, dass in jedem Fakt auch gestalterische Leistung steckt &#8211; die dann auch sch\u00fctzenswert werden k\u00f6nnte. Wenn dann noch immer mehr Einzelpersonen ihre eigenen Kan\u00e4le er\u00f6ffnen und sogar eine interessierte Gefolgschaft um sich scharen, dann zeichnet sich das Ende der vierten Gewalt an, der Presse. Wenn Tatsachen wie Waren behandelt werden, dann folgen sie auch den Regeln von Angebot und Nachfrage. Sp\u00e4testens dann wird die Frage aufkommen: Wem geh\u00f6rt eigentlich eine Tatsache?<\/p>\n<div class=\"shariff shariff-align-left shariff-widget-align-left\"><ul class=\"shariff-buttons theme-round orientation-horizontal buttonsize-medium\"><li class=\"shariff-button xing shariff-nocustomcolor\" style=\"background-color:#29888a\"><a href=\"https:\/\/www.xing.com\/spi\/shares\/new?url=https%3A%2F%2Fwww.memecon.info%2F%3Fp%3D2409\" title=\"Bei XING teilen\" aria-label=\"Bei XING teilen\" role=\"button\" rel=\"noopener nofollow\" class=\"shariff-link\" style=\"; background-color:#126567; color:#fff\" target=\"_blank\"><span class=\"shariff-icon\" style=\"\"><svg width=\"32px\" height=\"20px\" xmlns=\"http:\/\/www.w3.org\/2000\/svg\" viewBox=\"0 0 25 32\"><path fill=\"#126567\" d=\"M10.7 11.9q-0.2 0.3-4.6 8.2-0.5 0.8-1.2 0.8h-4.3q-0.4 0-0.5-0.3t0-0.6l4.5-8q0 0 0 0l-2.9-5q-0.2-0.4 0-0.7 0.2-0.3 0.5-0.3h4.3q0.7 0 1.2 0.8zM25.1 0.4q0.2 0.3 0 0.7l-9.4 16.7 6 11q0.2 0.4 0 0.6-0.2 0.3-0.6 0.3h-4.3q-0.7 0-1.2-0.8l-6-11.1q0.3-0.6 9.5-16.8 0.4-0.8 1.2-0.8h4.3q0.4 0 0.5 0.3z\"\/><\/svg><\/span><\/a><\/li><li class=\"shariff-button linkedin shariff-nocustomcolor\" style=\"background-color:#1488bf\"><a href=\"https:\/\/www.linkedin.com\/sharing\/share-offsite\/?url=https%3A%2F%2Fwww.memecon.info%2F%3Fp%3D2409\" title=\"Bei LinkedIn teilen\" aria-label=\"Bei LinkedIn teilen\" role=\"button\" rel=\"noopener nofollow\" class=\"shariff-link\" style=\"; background-color:#0077b5; color:#fff\" target=\"_blank\"><span class=\"shariff-icon\" style=\"\"><svg width=\"32px\" height=\"20px\" xmlns=\"http:\/\/www.w3.org\/2000\/svg\" viewBox=\"0 0 27 32\"><path fill=\"#0077b5\" d=\"M6.2 11.2v17.7h-5.9v-17.7h5.9zM6.6 5.7q0 1.3-0.9 2.2t-2.4 0.9h0q-1.5 0-2.4-0.9t-0.9-2.2 0.9-2.2 2.4-0.9 2.4 0.9 0.9 2.2zM27.4 18.7v10.1h-5.9v-9.5q0-1.9-0.7-2.9t-2.3-1.1q-1.1 0-1.9 0.6t-1.2 1.5q-0.2 0.5-0.2 1.4v9.9h-5.9q0-7.1 0-11.6t0-5.3l0-0.9h5.9v2.6h0q0.4-0.6 0.7-1t1-0.9 1.6-0.8 2-0.3q3 0 4.9 2t1.9 6z\"\/><\/svg><\/span><\/a><\/li><li class=\"shariff-button facebook shariff-nocustomcolor\" style=\"background-color:#4273c8\"><a href=\"https:\/\/www.facebook.com\/sharer\/sharer.php?u=https%3A%2F%2Fwww.memecon.info%2F%3Fp%3D2409\" title=\"Bei Facebook teilen\" aria-label=\"Bei Facebook teilen\" role=\"button\" rel=\"nofollow\" class=\"shariff-link\" style=\"; background-color:#3b5998; color:#fff\" target=\"_blank\"><span class=\"shariff-icon\" style=\"\"><svg width=\"32px\" height=\"20px\" xmlns=\"http:\/\/www.w3.org\/2000\/svg\" viewBox=\"0 0 18 32\"><path fill=\"#3b5998\" d=\"M17.1 0.2v4.7h-2.8q-1.5 0-2.1 0.6t-0.5 1.9v3.4h5.2l-0.7 5.3h-4.5v13.6h-5.5v-13.6h-4.5v-5.3h4.5v-3.9q0-3.3 1.9-5.2t5-1.8q2.6 0 4.1 0.2z\"\/><\/svg><\/span><\/a><\/li><li class=\"shariff-button flipboard shariff-nocustomcolor\" style=\"background-color:#373737\"><a href=\"https:\/\/share.flipboard.com\/bookmarklet\/popout?v=2&title=Wem%20geh%C3%B6rt%20eigentlich%20eine%20Tatsache%3F&url=https%3A%2F%2Fwww.memecon.info%2F%3Fp%3D2409\" title=\"Bei Flipboard teilen\" aria-label=\"Bei Flipboard teilen\" role=\"button\" rel=\"noopener nofollow\" class=\"shariff-link\" style=\"; background-color:#f52828; color:#fff\" target=\"_blank\"><span class=\"shariff-icon\" style=\"\"><svg width=\"24px\" height=\"24px\" xmlns=\"http:\/\/www.w3.org\/2000\/svg\" viewBox=\"0 0 24 24\"><path fill=\"#f52828\" d=\"M0 0h8v24H0V0zm9 9h7v7H9V9zm0-9h15v8H9V0z\"\/><\/svg><\/span><\/a><\/li><li class=\"shariff-button twitter shariff-nocustomcolor\" style=\"background-color:#595959\"><a href=\"https:\/\/twitter.com\/share?url=https%3A%2F%2Fwww.memecon.info%2F%3Fp%3D2409&text=Wem%20geh%C3%B6rt%20eigentlich%20eine%20Tatsache%3F\" title=\"Bei X teilen\" aria-label=\"Bei X teilen\" role=\"button\" rel=\"noopener nofollow\" class=\"shariff-link\" style=\"; background-color:#000; color:#fff\" target=\"_blank\"><span class=\"shariff-icon\" style=\"\"><svg width=\"32px\" height=\"20px\" xmlns=\"http:\/\/www.w3.org\/2000\/svg\" viewBox=\"0 0 24 24\"><path fill=\"#000\" d=\"M14.258 10.152L23.176 0h-2.113l-7.747 8.813L7.133 0H0l9.352 13.328L0 23.973h2.113l8.176-9.309 6.531 9.309h7.133zm-2.895 3.293l-.949-1.328L2.875 1.56h3.246l6.086 8.523.945 1.328 7.91 11.078h-3.246zm0 0\"\/><\/svg><\/span><\/a><\/li><\/ul><\/div>","protected":false},"excerpt":{"rendered":"<p>Sobald die virtuelle Mundpropaganda unmittelbar alle erreicht, geht der Beitrag eines Boten, dem \u00dcberbringer der Neuigkeit oder kurz die Leistung der traditionellen Medien, verloren. Die Agenturen k\u00f6nnen nicht \u00fcberall Reporter am Ort des Geschehens stationieren. Gleichzeitig finden sich allerorts Welt Zeugen, die mit einfachsten Mitteln eine Nachricht enth\u00fcllen und publizieren k\u00f6nnen &#8211; mit ihrem Handy via Facebook oder Instagram. Dar\u00fcber hinaus arbeiten Journalisten nach einem bestimmten Vorgehen, das mehr Zeit ben\u00f6tigt f\u00fcr die Recherche. Wenn dann noch der Fall einer lokalen Zeitung bekannt wird, die einen Artikel aufwendig recherchierte, der dann ohne Quellenangabe in einer \u00fcberregionalen Zeitung erschien, kommt man ins Gr\u00fcbeln. Unterstellt, dass die Nachricht nicht Wort f\u00fcr Wort [&hellip;]<\/p>\n","protected":false},"author":1,"featured_media":0,"comment_status":"closed","ping_status":"closed","sticky":false,"template":"","format":"standard","meta":{"_crdt_document":"","footnotes":""},"categories":[3,10],"tags":[2547,2546,2548,2540,2545,2549,2550],"class_list":["post-2409","post","type-post","status-publish","format-standard","hentry","category-deutsch","category-kommunikation","tag-korrespondent","tag-nachricht","tag-redakteur","tag-reporter","tag-tatsache","tag-texter","tag-verursacher"],"aioseo_notices":[],"_links":{"self":[{"href":"https:\/\/www.memecon.info\/index.php?rest_route=\/wp\/v2\/posts\/2409","targetHints":{"allow":["GET"]}}],"collection":[{"href":"https:\/\/www.memecon.info\/index.php?rest_route=\/wp\/v2\/posts"}],"about":[{"href":"https:\/\/www.memecon.info\/index.php?rest_route=\/wp\/v2\/types\/post"}],"author":[{"embeddable":true,"href":"https:\/\/www.memecon.info\/index.php?rest_route=\/wp\/v2\/users\/1"}],"replies":[{"embeddable":true,"href":"https:\/\/www.memecon.info\/index.php?rest_route=%2Fwp%2Fv2%2Fcomments&post=2409"}],"version-history":[{"count":0,"href":"https:\/\/www.memecon.info\/index.php?rest_route=\/wp\/v2\/posts\/2409\/revisions"}],"wp:attachment":[{"href":"https:\/\/www.memecon.info\/index.php?rest_route=%2Fwp%2Fv2%2Fmedia&parent=2409"}],"wp:term":[{"taxonomy":"category","embeddable":true,"href":"https:\/\/www.memecon.info\/index.php?rest_route=%2Fwp%2Fv2%2Fcategories&post=2409"},{"taxonomy":"post_tag","embeddable":true,"href":"https:\/\/www.memecon.info\/index.php?rest_route=%2Fwp%2Fv2%2Ftags&post=2409"}],"curies":[{"name":"wp","href":"https:\/\/api.w.org\/{rel}","templated":true}]}}