{"id":2663,"date":"2020-08-22T17:29:23","date_gmt":"2020-08-22T17:29:23","guid":{"rendered":"https:\/\/www.memecon.info\/?p=2663"},"modified":"2020-08-22T17:29:23","modified_gmt":"2020-08-22T17:29:23","slug":"das-publikationsdreieck","status":"publish","type":"post","link":"https:\/\/www.memecon.info\/?p=2663","title":{"rendered":"Das Publikationsdreieck"},"content":{"rendered":"<p>Durchg\u00e4ngige Vernetzung und vielf\u00e4ltige Kan\u00e4le bieten nicht nur den \u00fcblichen Medienanbietern eine Plattform zur Ver\u00f6ffentlichung, sondern allen, die sich berufen f\u00fchlen. Die einzige Voraussetzung ist der Zugang zum Internet. Aus diesem Grund steht uns eine un\u00fcbersehbare Flut von Informationen zur Verf\u00fcgung \u2013 egal woher, von wem, von wann, ob richtig oder falsch. Dadurch entstehen neue M\u00f6glichkeiten zur Nutzung, Betriebsmodelle und Interessen, um die Zielgruppen zu informieren. Und alle suchen ihren Platz im Publikationsdreieck.<\/p>\n<p><a href=\"https:\/\/www.memecon.info\/wp-content\/uploads\/2020\/03\/Publicationtrianglescribble.jpg\"><img loading=\"lazy\" decoding=\"async\" class=\"alignnone size-full wp-image-2661\" src=\"https:\/\/www.memecon.info\/wp-content\/uploads\/2020\/03\/Publicationtrianglescribble.jpg\" alt=\"\" width=\"835\" height=\"641\" srcset=\"https:\/\/www.memecon.info\/wp-content\/uploads\/2020\/03\/Publicationtrianglescribble.jpg 835w, https:\/\/www.memecon.info\/wp-content\/uploads\/2020\/03\/Publicationtrianglescribble-300x230.jpg 300w, https:\/\/www.memecon.info\/wp-content\/uploads\/2020\/03\/Publicationtrianglescribble-768x590.jpg 768w, https:\/\/www.memecon.info\/wp-content\/uploads\/2020\/03\/Publicationtrianglescribble-624x479.jpg 624w\" sizes=\"auto, (max-width: 835px) 100vw, 835px\" \/><\/a><\/p>\n<p>Der ideale Platz befindet sich in der Mitte des Dreiecks \u2013 gleichzeitig sachlich, emotional und wirksam. In Deutschland beanspruchen die ausgewogenen Positionen die \u00f6ffentlich-rechtlichen Medien. Schauen wir uns das Dreieck mal n\u00e4her an.<\/p>\n<ul>\n<li><strong>Die sachliche Ecke<\/strong><br \/>\nNehmen wir mal an, es g\u00e4be so etwas wie eindeutige Nachrichten, die etwas so beschreiben, wie es ist &#8211; ganz ohne Weglassen von Inhalten, Verallgemeinerungen und Verzerrungen. Die Bestandteile w\u00e4ren unbelastet von bewussten oder unbewussten Absichten. Alle w\u00fcrden das Gleiche darunter verstehen.<br \/>\nAm besten lassen sich Ereignisse und physische Dinge sachlich beschreiben \u2013 es ist jetzt 17:32 Uhr; heute ist Freitag; es regnet; ich tippe auf einer schwarzen Tastatur; ich nutze MS-Word. Nehmen wir das folgende Beispiel: Vor dem Caf\u00e9, in dem ich sitze, haben sich Gruppen von Jugendlichen zusammengerottet, skandieren ihre Parolen und bewegen sich in Richtung Rathaus, wo bereits Polizeieinheiten ihre Stellung beziehen \u2026 Mit dieser Beschreibung hat man sich bereits aus der sachlichen Ecke herausbewegt. Vor allem, wenn man bedenkt, dass ich unterschlagen habe, dass sich neben dem Rathaus das Fu\u00dfballstadion befindet, in dem sp\u00e4ter ein Spiel stattfindet.<br \/>\nDie Wortwahl liefert nicht nur sachliche Inhalte, sondern zus\u00e4tzliche Informationen z. B. \u00fcber den Kontext, die Absichten und Bewertungen. Und am Ende entscheidet die Zielgruppe \u00fcber den Gehalt der Nachricht. F\u00fcr erkl\u00e4rte Gegner von Fu\u00dfball wird es keinen Unterschied machen, ob es sich um Fu\u00dfballfans oder demonstrierende Extremisten handelt.<br \/>\nIch f\u00fcrchte, man muss damit leben, dass die sachliche Ecke unerreichbar ist \u2013 egal, wie viel Sachlichkeit Berichterstatter f\u00fcr sich in Anspruch nehmen erzeugen die Unvollst\u00e4ndigkeit der Inhalte und das Assoziationspotenzial der Empf\u00e4nger unterschiedliche Bedeutungen im Kopf der Einzelnen.<\/li>\n<li><strong>Die emotionale Ecke<\/strong><br \/>\nVon fiktiven Geschichten erwarten die meisten nichts weiter als Stimmigkeit. Solange die einzelnen Elemente zueinander passen, werden sie aufgenommen und verarbeitet, ohne dass etwas tats\u00e4chlich wahr ist. In dieser Ecke werden negative Emotionen (z. B. sich ohnm\u00e4chtig anderen ausgeliefert oder sich ausgeschlossen und erniedrigt zu f\u00fchlen) und positive (z. B. das Gef\u00fchl selbst entscheiden und bestimmen zu k\u00f6nnen oder anerkannt zu sein) angesprochen.<br \/>\nSp\u00fcrbar werden die Effekte, wenn Beschreibungen beim Empf\u00e4nger auf emotional aufgeladene Erfahrungen treffen \u2013 die Abschlusspr\u00fcfung; der Tsunami; die Passion; die Madeleine. Die mentale Verbindung mit dem Erlebnis, erweckt die damaligen Gef\u00fchle \u2013 Freude, \u00dcberraschung, Angst, \u00c4rger, Traurigkeit, Scham \u2026 Je nach Naturell wird man v\u00f6llig in diese Ecke hineingezogen. Besonders augenf\u00e4llig wird das im Kino, wenn die Sitznachbarn schallend loslachen oder in Tr\u00e4nen ausbrechen.<br \/>\nDie emotionale Ecke l\u00e4sst sich durch geschickt gew\u00e4hlte Situationen und die Wortwahl verst\u00e4rken &#8211; der einsame wei\u00dfe Sandstrand an einem t\u00fcrkisfarbenen Meer mit einer orangefarbenen Sonne, die langsam am Horizont verschwindet; haushohe metallene Wellen, die durch New Yorker Stra\u00dfenschluchten branden; das feine Schleifpapier, das den Klangk\u00f6rper einer Geige streichelt; der Duft und der Geschmack einer Madeleine, die Marcel Proust in seine Kindheit beamen.<br \/>\nDieser Ecke entkommt man nicht, da die Gef\u00fchle ungewollt im Unterbewusstsein ausgel\u00f6st werden, wenn eine entsprechende Erfahrung gespeichert ist. Manche Gef\u00fchle werden durch jahrelangen Medienkonsum verinnerlicht und von Anbietern ausgenutzt, um unsere Aufmerksamkeit zu erheischen. In einem derartigen trojanischen Pferd verstecken sich weitere Absichten, die automatisch zus\u00e4tzliche Bedarfe ausl\u00f6sen \u2013 der Wunsch bestimmte Produkte und Dienstleistungen zu konsumieren; das Bed\u00fcrfnis nach Sicherheit; der unbewusste Drang, Teil einer Mehrheitsposition zu sein usw.<\/li>\n<li><strong>Die wirksame Ecke<\/strong><br \/>\nDie Absender verfolgen mehr oder weniger bewusst einen Zweck mit ihren Ver\u00f6ffentlichungen \u2013 einer Mitteilung soll geglaubt werden; ein Versprechen soll eingehalten werden; ein Lob soll erfreuen; eine Benennung soll akzeptiert werden; eine Aufforderung soll auch zu einer Umsetzung f\u00fchren.<br \/>\nDas Betriebsmodell bestimmt die Wirkung, die wirtschaftlicher (Gesch\u00e4ftsmodell), politischer (das politische Agenda) oder religi\u00f6ser Natur (die Konfession) sein kann. Eine Zeitung ist erfolgreich, wenn sie viel gekauft und gelesen wird. Eine Partei hat die gew\u00fcnschte Wirkung erzielt, wenn sie von der Mehrheit gew\u00e4hlt wird. Eine Kirche ist gut besucht, wenn die Schar der Gl\u00e4ubigen w\u00e4chst.<br \/>\nDie Erwartungen des Publikums entscheiden in dieser Ecke \u00fcber den Erfolg. Er wird bestimmt durch den erforderlichen Mix von Sachlichkeit und Emotionalit\u00e4t. Diese Ecke hat einen gro\u00dfen Einfluss auf die Position im Dreieck. So kann eine sachliche Berichterstattung eines Nachrichtenkanals zu einer Propagandamaschine werden, wenn die \u00c4ngste des Publikums populistisch gesch\u00fcrt werden \u2013 denken wir an die Medieneins\u00e4tze von Trump und Berlusconi. Die Auswahl der Themen wird getrieben von den wirtschaftlichen Interessen einer Zeitung oder eines Senders \u2013 zielgruppenorientierte Inhalte erh\u00f6hen die Auflage. Der Blogger, der auf der Jagd nach Likes seinen Kanal mit immer neuen Inhalten versorgt, achtet dabei nicht nur auf sein Publikum, sondern auch auf die Interessen seiner Geldgeber.<br \/>\nIn dieser Ecke versteckt sich die tats\u00e4chliche Absicht eines Anbieters. Der Spruch von Cicero \u201eCui bono?\u201c (d.h. wem nutzt es?) offenbart die wirklichen Absichten. Der erste Blick in das Publikationsdreieck sollte in dieser Ecke beginnen, da sich hier die Begr\u00fcndungen f\u00fcr die beiden anderen Ausrichtungen finden.<\/li>\n<\/ul>\n<p>Fazit: Wir sollten heute nicht mehr von einer Informationsflut sprechen, sondern von einem durchg\u00e4ngig h\u00f6heren Informationsstand, dem wir ausgesetzt sind. Und alle diese Inhalte lassen sich im Publikationsdreieck verorten. Wir bemerken bewusst oder unbewusst einen sachlichen Inhalt, die emotionale F\u00e4rbung und die beabsichtigte Wirkung. Durch die Erreichbarkeit von fast allen Menschen m\u00fcssen wir uns bewusst sein, dass wir keinen nat\u00fcrlichen Mechanismus ausgepr\u00e4gt haben, der uns vor der manipulativen Wirkung der Medien sch\u00fctzt. Aus diesem Grund sollten wir uns beim Faktencheck mehr auf das Publikationsdreieck fokussieren \u2013 was bedeutet die Nachricht f\u00fcr mich? Warum spricht sie mich an? Wem n\u00fctzt sie?\u00a0 Es bleibt abzuwarten, ob wir in absehbarer Zeit einen Weg aus dem Spannungsfeld informiert vs. beeinflusst zu werden finden.<\/p>\n<div class=\"shariff shariff-align-left shariff-widget-align-left\"><ul class=\"shariff-buttons theme-round orientation-horizontal buttonsize-medium\"><li class=\"shariff-button xing shariff-nocustomcolor\" style=\"background-color:#29888a\"><a href=\"https:\/\/www.xing.com\/spi\/shares\/new?url=https%3A%2F%2Fwww.memecon.info%2F%3Fp%3D2663\" title=\"Bei XING teilen\" aria-label=\"Bei XING teilen\" role=\"button\" rel=\"noopener nofollow\" class=\"shariff-link\" style=\"; background-color:#126567; color:#fff\" target=\"_blank\"><span class=\"shariff-icon\" style=\"\"><svg width=\"32px\" height=\"20px\" xmlns=\"http:\/\/www.w3.org\/2000\/svg\" viewBox=\"0 0 25 32\"><path fill=\"#126567\" d=\"M10.7 11.9q-0.2 0.3-4.6 8.2-0.5 0.8-1.2 0.8h-4.3q-0.4 0-0.5-0.3t0-0.6l4.5-8q0 0 0 0l-2.9-5q-0.2-0.4 0-0.7 0.2-0.3 0.5-0.3h4.3q0.7 0 1.2 0.8zM25.1 0.4q0.2 0.3 0 0.7l-9.4 16.7 6 11q0.2 0.4 0 0.6-0.2 0.3-0.6 0.3h-4.3q-0.7 0-1.2-0.8l-6-11.1q0.3-0.6 9.5-16.8 0.4-0.8 1.2-0.8h4.3q0.4 0 0.5 0.3z\"\/><\/svg><\/span><\/a><\/li><li class=\"shariff-button linkedin shariff-nocustomcolor\" style=\"background-color:#1488bf\"><a href=\"https:\/\/www.linkedin.com\/sharing\/share-offsite\/?url=https%3A%2F%2Fwww.memecon.info%2F%3Fp%3D2663\" title=\"Bei LinkedIn teilen\" aria-label=\"Bei LinkedIn teilen\" role=\"button\" rel=\"noopener nofollow\" class=\"shariff-link\" style=\"; background-color:#0077b5; color:#fff\" target=\"_blank\"><span class=\"shariff-icon\" style=\"\"><svg width=\"32px\" height=\"20px\" xmlns=\"http:\/\/www.w3.org\/2000\/svg\" viewBox=\"0 0 27 32\"><path fill=\"#0077b5\" d=\"M6.2 11.2v17.7h-5.9v-17.7h5.9zM6.6 5.7q0 1.3-0.9 2.2t-2.4 0.9h0q-1.5 0-2.4-0.9t-0.9-2.2 0.9-2.2 2.4-0.9 2.4 0.9 0.9 2.2zM27.4 18.7v10.1h-5.9v-9.5q0-1.9-0.7-2.9t-2.3-1.1q-1.1 0-1.9 0.6t-1.2 1.5q-0.2 0.5-0.2 1.4v9.9h-5.9q0-7.1 0-11.6t0-5.3l0-0.9h5.9v2.6h0q0.4-0.6 0.7-1t1-0.9 1.6-0.8 2-0.3q3 0 4.9 2t1.9 6z\"\/><\/svg><\/span><\/a><\/li><li class=\"shariff-button facebook shariff-nocustomcolor\" style=\"background-color:#4273c8\"><a href=\"https:\/\/www.facebook.com\/sharer\/sharer.php?u=https%3A%2F%2Fwww.memecon.info%2F%3Fp%3D2663\" title=\"Bei Facebook teilen\" aria-label=\"Bei Facebook teilen\" role=\"button\" rel=\"nofollow\" class=\"shariff-link\" style=\"; background-color:#3b5998; color:#fff\" target=\"_blank\"><span class=\"shariff-icon\" style=\"\"><svg width=\"32px\" height=\"20px\" xmlns=\"http:\/\/www.w3.org\/2000\/svg\" viewBox=\"0 0 18 32\"><path fill=\"#3b5998\" d=\"M17.1 0.2v4.7h-2.8q-1.5 0-2.1 0.6t-0.5 1.9v3.4h5.2l-0.7 5.3h-4.5v13.6h-5.5v-13.6h-4.5v-5.3h4.5v-3.9q0-3.3 1.9-5.2t5-1.8q2.6 0 4.1 0.2z\"\/><\/svg><\/span><\/a><\/li><li class=\"shariff-button flipboard shariff-nocustomcolor\" style=\"background-color:#373737\"><a href=\"https:\/\/share.flipboard.com\/bookmarklet\/popout?v=2&title=Das%20Publikationsdreieck&url=https%3A%2F%2Fwww.memecon.info%2F%3Fp%3D2663\" title=\"Bei Flipboard teilen\" aria-label=\"Bei Flipboard teilen\" role=\"button\" rel=\"noopener nofollow\" class=\"shariff-link\" style=\"; background-color:#f52828; color:#fff\" target=\"_blank\"><span class=\"shariff-icon\" style=\"\"><svg width=\"24px\" height=\"24px\" xmlns=\"http:\/\/www.w3.org\/2000\/svg\" viewBox=\"0 0 24 24\"><path fill=\"#f52828\" d=\"M0 0h8v24H0V0zm9 9h7v7H9V9zm0-9h15v8H9V0z\"\/><\/svg><\/span><\/a><\/li><li class=\"shariff-button twitter shariff-nocustomcolor\" style=\"background-color:#595959\"><a href=\"https:\/\/twitter.com\/share?url=https%3A%2F%2Fwww.memecon.info%2F%3Fp%3D2663&text=Das%20Publikationsdreieck\" title=\"Bei X teilen\" aria-label=\"Bei X teilen\" role=\"button\" rel=\"noopener nofollow\" class=\"shariff-link\" style=\"; background-color:#000; color:#fff\" target=\"_blank\"><span class=\"shariff-icon\" style=\"\"><svg width=\"32px\" height=\"20px\" xmlns=\"http:\/\/www.w3.org\/2000\/svg\" viewBox=\"0 0 24 24\"><path fill=\"#000\" d=\"M14.258 10.152L23.176 0h-2.113l-7.747 8.813L7.133 0H0l9.352 13.328L0 23.973h2.113l8.176-9.309 6.531 9.309h7.133zm-2.895 3.293l-.949-1.328L2.875 1.56h3.246l6.086 8.523.945 1.328 7.91 11.078h-3.246zm0 0\"\/><\/svg><\/span><\/a><\/li><\/ul><\/div>","protected":false},"excerpt":{"rendered":"<p>Durchg\u00e4ngige Vernetzung und vielf\u00e4ltige Kan\u00e4le bieten nicht nur den \u00fcblichen Medienanbietern eine Plattform zur Ver\u00f6ffentlichung, sondern allen, die sich berufen f\u00fchlen. Die einzige Voraussetzung ist der Zugang zum Internet. Aus diesem Grund steht uns eine un\u00fcbersehbare Flut von Informationen zur Verf\u00fcgung \u2013 egal woher, von wem, von wann, ob richtig oder falsch. Dadurch entstehen neue M\u00f6glichkeiten zur Nutzung, Betriebsmodelle und Interessen, um die Zielgruppen zu informieren. Und alle suchen ihren Platz im Publikationsdreieck. Der ideale Platz befindet sich in der Mitte des Dreiecks \u2013 gleichzeitig sachlich, emotional und wirksam. In Deutschland beanspruchen die ausgewogenen Positionen die \u00f6ffentlich-rechtlichen Medien. Schauen wir uns das Dreieck mal n\u00e4her an. Die sachliche Ecke Nehmen [&hellip;]<\/p>\n","protected":false},"author":1,"featured_media":0,"comment_status":"closed","ping_status":"closed","sticky":false,"template":"","format":"standard","meta":{"_crdt_document":"","footnotes":""},"categories":[22,3],"tags":[2819,2821,2822,2823],"class_list":["post-2663","post","type-post","status-publish","format-standard","hentry","category-bedeutungsgestaltung","category-deutsch","tag-emotional","tag-publikationsdreieck","tag-sachlich","tag-wirksam"],"aioseo_notices":[],"_links":{"self":[{"href":"https:\/\/www.memecon.info\/index.php?rest_route=\/wp\/v2\/posts\/2663","targetHints":{"allow":["GET"]}}],"collection":[{"href":"https:\/\/www.memecon.info\/index.php?rest_route=\/wp\/v2\/posts"}],"about":[{"href":"https:\/\/www.memecon.info\/index.php?rest_route=\/wp\/v2\/types\/post"}],"author":[{"embeddable":true,"href":"https:\/\/www.memecon.info\/index.php?rest_route=\/wp\/v2\/users\/1"}],"replies":[{"embeddable":true,"href":"https:\/\/www.memecon.info\/index.php?rest_route=%2Fwp%2Fv2%2Fcomments&post=2663"}],"version-history":[{"count":0,"href":"https:\/\/www.memecon.info\/index.php?rest_route=\/wp\/v2\/posts\/2663\/revisions"}],"wp:attachment":[{"href":"https:\/\/www.memecon.info\/index.php?rest_route=%2Fwp%2Fv2%2Fmedia&parent=2663"}],"wp:term":[{"taxonomy":"category","embeddable":true,"href":"https:\/\/www.memecon.info\/index.php?rest_route=%2Fwp%2Fv2%2Fcategories&post=2663"},{"taxonomy":"post_tag","embeddable":true,"href":"https:\/\/www.memecon.info\/index.php?rest_route=%2Fwp%2Fv2%2Ftags&post=2663"}],"curies":[{"name":"wp","href":"https:\/\/api.w.org\/{rel}","templated":true}]}}