{"id":3028,"date":"2021-04-24T18:37:38","date_gmt":"2021-04-24T18:37:38","guid":{"rendered":"https:\/\/www.memecon.info\/?p=3028"},"modified":"2021-04-24T18:37:38","modified_gmt":"2021-04-24T18:37:38","slug":"querdenken-nachgeschaut","status":"publish","type":"post","link":"https:\/\/www.memecon.info\/?p=3028","title":{"rendered":"Querdenken nachgeschaut"},"content":{"rendered":"<p>Die Autoren der Genesis haben in 1. Mose 1, 28 den Auftrag von Gott an die Menschen so beschrieben: <em>Seid fruchtbar und mehret euch und f\u00fcllet die Erde und machet sie euch untertan und herrschet \u00fcber die Fische im Meer und \u00fcber die V\u00f6gel unter dem Himmel und \u00fcber das Vieh und \u00fcber alles Getier, das auf Erden kriecht<\/em>. Jetzt, dreitausend Jahre sp\u00e4ter, haben wir es offensichtlich geschafft und nennen dieses neue Zeitalter Anthropoz\u00e4n. Der Mensch ist zu dem wichtigsten Einflussfaktor der Natur geworden. Das zeigt sich beim Klimawandel, der Ausbeutung der nat\u00fcrlichen Ressourcen, der Umweltverschmutzung bzw. dem Wechselspiel aller menschlichen Einfl\u00fcsse. Ein gegenw\u00e4rtiges Beispiel ist der Umgang mit der Corona-Pandemie. W\u00e4hrend in der Vergangenheit die Pest, der Schwarze Tod und die aus den Vereinigten Staaten stammende Spanische Grippe unz\u00e4hlige Tote zur Folge hatten, betrachten wir anscheinend die aktuelle Seuche als ein F\u00fchrungsproblem, dass durch geeignete Schritte beherrscht werden muss. Der eingleisige Versuch, die Ausbreitung durch Ma\u00dfnahmen zur Reduzierung der Ausbreitung zu verhindern, ohne dabei die unbeabsichtigten Folgen f\u00fcr z.B. die Gesellschaft, Wirtschaft, Gesundheit, Bildung und Umwelt zu ber\u00fccksichtigen, f\u00fchrt zu bisher nicht absehbaren Kollateralsch\u00e4den. Und prompt formieren sich B\u00fcrger zum Widerstand \u2013 trotz aller Opposition mit Hygieneabstand.<\/p>\n<p><a href=\"https:\/\/www.memecon.info\/wp-content\/uploads\/2021\/02\/Querdenken.jpg\"><img loading=\"lazy\" decoding=\"async\" class=\"alignnone size-full wp-image-3026\" src=\"https:\/\/www.memecon.info\/wp-content\/uploads\/2021\/02\/Querdenken.jpg\" alt=\"\" width=\"832\" height=\"638\" srcset=\"https:\/\/www.memecon.info\/wp-content\/uploads\/2021\/02\/Querdenken.jpg 832w, https:\/\/www.memecon.info\/wp-content\/uploads\/2021\/02\/Querdenken-300x230.jpg 300w, https:\/\/www.memecon.info\/wp-content\/uploads\/2021\/02\/Querdenken-768x589.jpg 768w, https:\/\/www.memecon.info\/wp-content\/uploads\/2021\/02\/Querdenken-624x479.jpg 624w\" sizes=\"auto, (max-width: 832px) 100vw, 832px\" \/><\/a><\/p>\n<p>Im Gegensatz zu den rechts- und linksextremen Gruppen sonstiger Demonstrationen kommen diese Menschen aus der Mitte der Gesellschaft. In der Vergangenheit hat die \u00d6ffentlichkeit diese neue Gruppe mit dem aus <em>Gutb\u00fcrger<\/em> abgeleiteten, eher negativ belegten Begriff der <em>Wutb\u00fcrger<\/em> benannt. Im Zuge des Widerstands gegen die Pandemieregelungen der Bundesregierung benennen sich diese B\u00fcrger selbst als <em>Querdenker<\/em>. Dieser positiv belegte Begriff senkt die Hemmschwelle von bisher nicht aktiven Mitb\u00fcrgerInnen aus der Mitte der Gesellschaft, sich an den Aktionen zu beteiligen. Betrachten wir diese Bezeichnung n\u00e4her.<\/p>\n<ul>\n<li><strong>Die bisherige Nutzung von Querdenken<\/strong><br \/>\nEdward de Bono hat 1967 das Buch <em>Laterales Denken<\/em> ver\u00f6ffentlicht. Im Zuge der Anwendung der dazugeh\u00f6rigen Kreativit\u00e4tstechniken hat sich der deutsche Begriff <em>querdenken<\/em> Im Gegensatz zum analytischen Denken werden hier Sachverhalte intuitiv betrachtet. Jegliche Assoziationen sind zugelassen und anstelle von eindeutigen Ja\/Nein-Entscheidungen wird <a href=\"https:\/\/www.memecon.info\/?p=1562\">PO<\/a> genutzt. Beim Querdenken wird alles hinterfragt und nichts als gegeben hingenommen. In routinierten Abl\u00e4ufen sind Querdenker nicht so gern gesehen, da sie den vorgegebenen Fortgang st\u00f6ren. Zwischenzeitlich haben viele Unternehmen verstanden, dass laterales Denken ungewohnte Perspektiven er\u00f6ffnet, die wertvolle Auswege aus unerw\u00fcnschten Umst\u00e4nden bieten.<\/li>\n<li><strong>Die Bedeutung von Quer<\/strong><br \/>\nDer Duden beschreibt <em>quer<\/em> als 1) rechtwinklig zu einer als L\u00e4nge angenommenen Linie und 2) schr\u00e4g von einer Seite zur anderen, von einem Ende zum anderen verlaufend (z.B. diagonal, \u00fcbereck). Dies erzeugt eine eher negative Bedeutung: Absichten st\u00f6rend und vereitelnd, sich widersetzend, anders als gew\u00fcnscht. Derartige Personengruppen beschweren sich unn\u00f6tigerweise und pochen dabei starrk\u00f6pfig auf ihr vermeintliches Recht. Erst in der Verbindung mit denken kristallisiert sich die positive Auslegung heraus: Leute, die eigenst\u00e4ndig und originell denken und deren Ideen und Ansichten oft nicht verstanden oder akzeptiert werden.<\/li>\n<li><strong>Die Bedeutung von Denken<br \/>\n<\/strong>Fangen wir an den Verstand zu nutzen, sprechen wir von Denken. Hierf\u00fcr muss die Welt wahrgenommen, in die eigenen Vorstellungen eingeordnet sowie die gezogenen Schl\u00fcsse in Sprache gepackt zu Handlungen werden. Da das Denken eine pers\u00f6nliche, in sich selbst gekehrte T\u00e4tigkeit ist, werden die Grenzen der eigenen Denkmuster nur ungern verlassen. Und genau hier setzt das Querdenken auf. Durch den Bruch mit \u00dcberzeugungen werden neue L\u00f6sungen gefunden und in die Vorstellungen eingebaut. Hierf\u00fcr werden bewusst andere L\u00f6sungswege genutzt: z.B. durch Perspektivwechsel, \u00dcber- oder Untertreibungen, der Nutzung von Zuf\u00e4llen und Unterschieden sowie der \u00c4nderung der Rahmenbedingungen.<\/li>\n<li><strong>Die Unangemessenheit der Vereinnahmung<\/strong><br \/>\nSeit de Bono hatte sich die positive Auslegung vor allem beim Erkennen von Problemen und der Entwicklung von L\u00f6sung durchgesetzt. Im Zuge der aktuellen Pandemie hat sich eine Bewegung von Querulanten dem Begriff bem\u00e4chtigt. Sie demonstrieren gegen Corona, als handle es sich dabei um <u>willk\u00fcrliche<\/u> Ma\u00dfnahmen der Regierung. Dabei versuchen die Politiker die Ausbreitung des Virus aufgrund der fehlenden Einsicht und Eigenverantwortung der Bev\u00f6lkerung durch z.B. die AHA-Regeln zu stoppen (Abstand halten; Hygieneregeln einhalten; Alltagsmasken tragen). Die Spa\u00dfgesellschaft reagiert prompt und beschwert sich, dass sie ihren Vergn\u00fcgungen nicht mehr fr\u00f6nen darf \u2013 keine Gro\u00dfveranstaltungen, keine Reisen, kein Shopping. Damit richtet sich der Protest gegen die Schutzma\u00dfnahmen, obwohl sie sogar die Uneinsichtigen sch\u00fctzen. Als N\u00e4chstes werden sie gegen fehlenden Impfstoff, f\u00fcr die Auswahl des Impfstoffes und am Ende gegen Impfpflicht auf die Stra\u00dfe gehen. G\u00e4be es keine Ma\u00dfnahmen der Bundesregierung, w\u00fcrden sie sich beschweren, wenn nicht genug Betten und \u00c4rzte verf\u00fcgbar sind. Diese Unvernunft und Verblendung unter dem Begriff Querdenker zu b\u00fcndeln, schadet diesem wertvollen Ansatz, L\u00f6sungen zu finden.<\/li>\n<\/ul>\n<p>Fazit: Die Wiederverwendung des Begriffs Querdenker durch Protestler gegen Schutzma\u00dfnahmen wegen der COVID-19-Pandemie in Deutschland ist ungl\u00fccklich. Zwar erscheint ihr Widerstand dadurch als l\u00f6sungsorientierter Protest. Allein: es fehlen praktische Vorschl\u00e4ge zur L\u00f6sung. Im Gegenteil. Die Aktivit\u00e4ten f\u00f6rdern die Ausbreitung durch die Gro\u00dfveranstaltungen ohne Mindestabstand und Masken. Offensichtlich beschweren sich B\u00fcrger \u00fcber die Pandemie, als w\u00e4re sie etwas, das man per Verwaltungsakt abschaffen kann. Dies unter dem Titel Querdenker zu veranstalten ist unangemessen, da die zweite H\u00e4lfte des Wortes fehlt. Es gibt keine praktischen Vorschl\u00e4ge, die Leute f\u00f6rdern die Ausbreitung, indem sie die AHA-Regeln verweigern und verunsichern die restliche Bev\u00f6lkerung durch Verbreitung von Verschw\u00f6rungstheorien und gef\u00e4hrlichen Falschaussagen. Der Begriff Querdenker verliert dadurch seine positive Konnotation. Schade.<\/p>\n<div class=\"shariff shariff-align-left shariff-widget-align-left\"><ul class=\"shariff-buttons theme-round orientation-horizontal buttonsize-medium\"><li class=\"shariff-button xing shariff-nocustomcolor\" style=\"background-color:#29888a\"><a href=\"https:\/\/www.xing.com\/spi\/shares\/new?url=https%3A%2F%2Fwww.memecon.info%2F%3Fp%3D3028\" title=\"Bei XING teilen\" aria-label=\"Bei XING teilen\" role=\"button\" rel=\"noopener nofollow\" class=\"shariff-link\" style=\"; background-color:#126567; color:#fff\" target=\"_blank\"><span class=\"shariff-icon\" style=\"\"><svg width=\"32px\" height=\"20px\" xmlns=\"http:\/\/www.w3.org\/2000\/svg\" viewBox=\"0 0 25 32\"><path fill=\"#126567\" d=\"M10.7 11.9q-0.2 0.3-4.6 8.2-0.5 0.8-1.2 0.8h-4.3q-0.4 0-0.5-0.3t0-0.6l4.5-8q0 0 0 0l-2.9-5q-0.2-0.4 0-0.7 0.2-0.3 0.5-0.3h4.3q0.7 0 1.2 0.8zM25.1 0.4q0.2 0.3 0 0.7l-9.4 16.7 6 11q0.2 0.4 0 0.6-0.2 0.3-0.6 0.3h-4.3q-0.7 0-1.2-0.8l-6-11.1q0.3-0.6 9.5-16.8 0.4-0.8 1.2-0.8h4.3q0.4 0 0.5 0.3z\"\/><\/svg><\/span><\/a><\/li><li class=\"shariff-button linkedin shariff-nocustomcolor\" style=\"background-color:#1488bf\"><a href=\"https:\/\/www.linkedin.com\/sharing\/share-offsite\/?url=https%3A%2F%2Fwww.memecon.info%2F%3Fp%3D3028\" title=\"Bei LinkedIn teilen\" aria-label=\"Bei LinkedIn teilen\" role=\"button\" rel=\"noopener nofollow\" class=\"shariff-link\" style=\"; background-color:#0077b5; color:#fff\" target=\"_blank\"><span class=\"shariff-icon\" style=\"\"><svg width=\"32px\" height=\"20px\" xmlns=\"http:\/\/www.w3.org\/2000\/svg\" viewBox=\"0 0 27 32\"><path fill=\"#0077b5\" d=\"M6.2 11.2v17.7h-5.9v-17.7h5.9zM6.6 5.7q0 1.3-0.9 2.2t-2.4 0.9h0q-1.5 0-2.4-0.9t-0.9-2.2 0.9-2.2 2.4-0.9 2.4 0.9 0.9 2.2zM27.4 18.7v10.1h-5.9v-9.5q0-1.9-0.7-2.9t-2.3-1.1q-1.1 0-1.9 0.6t-1.2 1.5q-0.2 0.5-0.2 1.4v9.9h-5.9q0-7.1 0-11.6t0-5.3l0-0.9h5.9v2.6h0q0.4-0.6 0.7-1t1-0.9 1.6-0.8 2-0.3q3 0 4.9 2t1.9 6z\"\/><\/svg><\/span><\/a><\/li><li class=\"shariff-button facebook shariff-nocustomcolor\" style=\"background-color:#4273c8\"><a href=\"https:\/\/www.facebook.com\/sharer\/sharer.php?u=https%3A%2F%2Fwww.memecon.info%2F%3Fp%3D3028\" title=\"Bei Facebook teilen\" aria-label=\"Bei Facebook teilen\" role=\"button\" rel=\"nofollow\" class=\"shariff-link\" style=\"; background-color:#3b5998; color:#fff\" target=\"_blank\"><span class=\"shariff-icon\" style=\"\"><svg width=\"32px\" height=\"20px\" xmlns=\"http:\/\/www.w3.org\/2000\/svg\" viewBox=\"0 0 18 32\"><path fill=\"#3b5998\" d=\"M17.1 0.2v4.7h-2.8q-1.5 0-2.1 0.6t-0.5 1.9v3.4h5.2l-0.7 5.3h-4.5v13.6h-5.5v-13.6h-4.5v-5.3h4.5v-3.9q0-3.3 1.9-5.2t5-1.8q2.6 0 4.1 0.2z\"\/><\/svg><\/span><\/a><\/li><li class=\"shariff-button flipboard shariff-nocustomcolor\" style=\"background-color:#373737\"><a href=\"https:\/\/share.flipboard.com\/bookmarklet\/popout?v=2&title=Querdenken%20nachgeschaut&url=https%3A%2F%2Fwww.memecon.info%2F%3Fp%3D3028\" title=\"Bei Flipboard teilen\" aria-label=\"Bei Flipboard teilen\" role=\"button\" rel=\"noopener nofollow\" class=\"shariff-link\" style=\"; background-color:#f52828; color:#fff\" target=\"_blank\"><span class=\"shariff-icon\" style=\"\"><svg width=\"24px\" height=\"24px\" xmlns=\"http:\/\/www.w3.org\/2000\/svg\" viewBox=\"0 0 24 24\"><path fill=\"#f52828\" d=\"M0 0h8v24H0V0zm9 9h7v7H9V9zm0-9h15v8H9V0z\"\/><\/svg><\/span><\/a><\/li><li class=\"shariff-button twitter shariff-nocustomcolor\" style=\"background-color:#595959\"><a href=\"https:\/\/twitter.com\/share?url=https%3A%2F%2Fwww.memecon.info%2F%3Fp%3D3028&text=Querdenken%20nachgeschaut\" title=\"Bei X teilen\" aria-label=\"Bei X teilen\" role=\"button\" rel=\"noopener nofollow\" class=\"shariff-link\" style=\"; background-color:#000; color:#fff\" target=\"_blank\"><span class=\"shariff-icon\" style=\"\"><svg width=\"32px\" height=\"20px\" xmlns=\"http:\/\/www.w3.org\/2000\/svg\" viewBox=\"0 0 24 24\"><path fill=\"#000\" d=\"M14.258 10.152L23.176 0h-2.113l-7.747 8.813L7.133 0H0l9.352 13.328L0 23.973h2.113l8.176-9.309 6.531 9.309h7.133zm-2.895 3.293l-.949-1.328L2.875 1.56h3.246l6.086 8.523.945 1.328 7.91 11.078h-3.246zm0 0\"\/><\/svg><\/span><\/a><\/li><\/ul><\/div>","protected":false},"excerpt":{"rendered":"<p>Die Autoren der Genesis haben in 1. Mose 1, 28 den Auftrag von Gott an die Menschen so beschrieben: Seid fruchtbar und mehret euch und f\u00fcllet die Erde und machet sie euch untertan und herrschet \u00fcber die Fische im Meer und \u00fcber die V\u00f6gel unter dem Himmel und \u00fcber das Vieh und \u00fcber alles Getier, das auf Erden kriecht. Jetzt, dreitausend Jahre sp\u00e4ter, haben wir es offensichtlich geschafft und nennen dieses neue Zeitalter Anthropoz\u00e4n. Der Mensch ist zu dem wichtigsten Einflussfaktor der Natur geworden. Das zeigt sich beim Klimawandel, der Ausbeutung der nat\u00fcrlichen Ressourcen, der Umweltverschmutzung bzw. dem Wechselspiel aller menschlichen Einfl\u00fcsse. Ein gegenw\u00e4rtiges Beispiel ist der Umgang mit der [&hellip;]<\/p>\n","protected":false},"author":1,"featured_media":0,"comment_status":"closed","ping_status":"closed","sticky":false,"template":"","format":"standard","meta":{"_crdt_document":"","footnotes":""},"categories":[3,10],"tags":[1080,3126,3125,3127],"class_list":["post-3028","post","type-post","status-publish","format-standard","hentry","category-deutsch","category-kommunikation","tag-denken","tag-quer","tag-querdenken","tag-vereinnahmung"],"aioseo_notices":[],"_links":{"self":[{"href":"https:\/\/www.memecon.info\/index.php?rest_route=\/wp\/v2\/posts\/3028","targetHints":{"allow":["GET"]}}],"collection":[{"href":"https:\/\/www.memecon.info\/index.php?rest_route=\/wp\/v2\/posts"}],"about":[{"href":"https:\/\/www.memecon.info\/index.php?rest_route=\/wp\/v2\/types\/post"}],"author":[{"embeddable":true,"href":"https:\/\/www.memecon.info\/index.php?rest_route=\/wp\/v2\/users\/1"}],"replies":[{"embeddable":true,"href":"https:\/\/www.memecon.info\/index.php?rest_route=%2Fwp%2Fv2%2Fcomments&post=3028"}],"version-history":[{"count":0,"href":"https:\/\/www.memecon.info\/index.php?rest_route=\/wp\/v2\/posts\/3028\/revisions"}],"wp:attachment":[{"href":"https:\/\/www.memecon.info\/index.php?rest_route=%2Fwp%2Fv2%2Fmedia&parent=3028"}],"wp:term":[{"taxonomy":"category","embeddable":true,"href":"https:\/\/www.memecon.info\/index.php?rest_route=%2Fwp%2Fv2%2Fcategories&post=3028"},{"taxonomy":"post_tag","embeddable":true,"href":"https:\/\/www.memecon.info\/index.php?rest_route=%2Fwp%2Fv2%2Ftags&post=3028"}],"curies":[{"name":"wp","href":"https:\/\/api.w.org\/{rel}","templated":true}]}}