{"id":464,"date":"2014-08-07T15:55:00","date_gmt":"2014-08-07T15:55:00","guid":{"rendered":"http:\/\/memecon.info\/?p=464"},"modified":"2018-05-18T08:02:06","modified_gmt":"2018-05-18T08:02:06","slug":"die-fuehrung-anderer-beginnt-bei-einem-selbst","status":"publish","type":"post","link":"https:\/\/www.memecon.info\/?p=464","title":{"rendered":"Die F\u00fchrung anderer beginnt bei einem selbst"},"content":{"rendered":"<p>In der Vergangenheit war die Leitung von Mitarbeitern in der Struktur festgelegt. Auf verschiedenen Ebenen bekamen ausgew\u00e4hlte Personen inhaltliche Aufgaben und die Leitung von Mitarbeitern zugewiesen. Heute ist F\u00fchrung ohne die formale Verankerung in der Struktur Bestandteil von Projekten, Workshops und Arbeitsteams. Dies f\u00fchrt dazu, dass immer mehr Mitarbeiter mit der Steuerung von Gruppen betraut werden. Neben den Leitungsaufgaben <a href=\"http:\/\/memecon.info\/?p=480\">Konzeption<\/a>, <a href=\"http:\/\/memecon.info\/?p=486\">Koordination<\/a>, <a href=\"http:\/\/memecon.info\/?p=489\">Kommunikation <\/a>und <a href=\"http:\/\/memecon.info\/?p=503\">Kooperation <\/a>spielt das Selbstmanagement die entscheidende Rolle, denn die F\u00fchrung anderer beginnt bei einem selbst.<\/p>\n<p><a href=\"http:\/\/memecon.info\/wp-content\/uploads\/2014\/08\/Selbstmanagement.jpg\"><img loading=\"lazy\" decoding=\"async\" class=\"alignnone size-full wp-image-465\" src=\"http:\/\/memecon.info\/wp-content\/uploads\/2014\/08\/Selbstmanagement.jpg\" alt=\"Selbstmanagement\" width=\"835\" height=\"641\" srcset=\"https:\/\/www.memecon.info\/wp-content\/uploads\/2014\/08\/Selbstmanagement.jpg 835w, https:\/\/www.memecon.info\/wp-content\/uploads\/2014\/08\/Selbstmanagement-300x230.jpg 300w, https:\/\/www.memecon.info\/wp-content\/uploads\/2014\/08\/Selbstmanagement-624x479.jpg 624w\" sizes=\"auto, (max-width: 835px) 100vw, 835px\" \/><\/a><\/p>\n<p>Die Stabilit\u00e4t der eigenen Pers\u00f6nlichkeit, d.h. die physische und psychische Belastbarkeit (die sogenannte Resilienz), ist die Voraussetzung f\u00fcr eine wirksame Leitung von Mitarbeitern. Hierf\u00fcr sollte man die folgenden drei Bereiche im Griff haben.<\/p>\n<p><strong>Wer bin ich?<\/strong><br \/>\nDas stimmige Selbstbild ist die Summe der M\u00f6glichkeiten, die einem insgesamt zur Verf\u00fcgung stehen. Hierf\u00fcr sollten die nachfolgenden Fragen beantwortet werden. Welche Rollen haben Sie? Welches sind Ihre Interessensgruppen und wo? Welche Handlungen f\u00fchren Sie durch? Welche F\u00e4higkeiten haben Sie? An was orientieren Sie sich? Je besser die Aspekte des Selbstbilds zueinanderpassen, desto leichter f\u00e4llt Ihnen die Aus\u00fcbung einer Rolle und desto berechenbarer werden Sie f\u00fcr Ihre Stakeholder.<\/p>\n<p><strong>Was mache ich?<\/strong><br \/>\nDie meisten von uns werden zu einer Zeit nur ein Gesch\u00e4ftsmodell verfolgen. Ausnahmen ergeben sich z.B. durch die verst\u00e4rkte Arbeit in Projekten, neue Formen der Strukturierung und immer mehr Kooperationen. Was ist die eigentliche Gesch\u00e4ftsidee? Welche Wertdisziplin steht im Mittelpunkt? Welche Nutzenversprechen geben Sie Partnern und Kunden? In welchem Markt sind Sie aktiv? Welche Produkte und Services bieten Sie an? Wie werden Einnahmen generiert? Wie sieht der gesamte Prozess der Wertsch\u00f6pfung aus und welcher Teil ist f\u00fcr Sie am wichtigsten? Wer sind die beteiligten Partner und Kunden? Welche Mittel sind erforderlich? Wie kommunizieren und koordinieren Sie? Je mehr Menschen zusammenarbeiten, desto wichtiger ist die Beschreibung Ihres Gesch\u00e4fts.<\/p>\n<p><strong>Wo will ich hin?<\/strong><br \/>\nDie Strategie konkretisiert die Richtung, in die Sie sich entwickeln wollen. Wie sieht Ihre Vision aus? Welche Mission sollen Sie erf\u00fcllen? Welches sind die internen und externen kritischen Erfolgsfaktoren? Welche Wertdisziplin steht zuk\u00fcnftig im Mittelpunkt? Welche St\u00e4rken, Schw\u00e4chen, Chancen und Risiken sind zu ber\u00fccksichtigen? In welcher Richtung wollen Sie sich entwickeln? Welches sind Ihre langfristigen Ziele? Welche Kernleistungen bieten Sie zuk\u00fcnftig an? Welche Kernkompetenzen werden Sie ben\u00f6tigen? Was werden Ihre Kernprozesse sein? Die m\u00f6glichst klar beschriebene Strategie ist die Voraussetzung f\u00fcr die fruchtbare Zusammenarbeit zwischen h\u00e4ufig wechselnden Partnern. Dadurch wird sichergestellt, dass alle in eine Richtung ziehen und weniger Reibungsverluste entstehen.<\/p>\n<p>Sobald Sie Ihre drei S\u00e4ulen stimmig im Griff haben, Widerspr\u00fcche bereinigt sind und alle Aspekte zueinanderpassen, f\u00e4llt Ihnen die Leitung wesentlich leichter. Ihre M\u00f6glichkeiten erg\u00e4nzen sich gegenseitig, ein harmonisches Bild wird nach au\u00dfen sichtbar, und Ihr Selbstbewusstsein ist gest\u00e4rkt.<\/p>\n<div class=\"shariff shariff-align-left shariff-widget-align-left\"><ul class=\"shariff-buttons theme-round orientation-horizontal buttonsize-medium\"><li class=\"shariff-button xing shariff-nocustomcolor\" style=\"background-color:#29888a\"><a href=\"https:\/\/www.xing.com\/spi\/shares\/new?url=https%3A%2F%2Fwww.memecon.info%2F%3Fp%3D464\" title=\"Bei XING teilen\" aria-label=\"Bei XING teilen\" role=\"button\" rel=\"noopener nofollow\" class=\"shariff-link\" style=\"; background-color:#126567; color:#fff\" target=\"_blank\"><span class=\"shariff-icon\" style=\"\"><svg width=\"32px\" height=\"20px\" xmlns=\"http:\/\/www.w3.org\/2000\/svg\" viewBox=\"0 0 25 32\"><path fill=\"#126567\" d=\"M10.7 11.9q-0.2 0.3-4.6 8.2-0.5 0.8-1.2 0.8h-4.3q-0.4 0-0.5-0.3t0-0.6l4.5-8q0 0 0 0l-2.9-5q-0.2-0.4 0-0.7 0.2-0.3 0.5-0.3h4.3q0.7 0 1.2 0.8zM25.1 0.4q0.2 0.3 0 0.7l-9.4 16.7 6 11q0.2 0.4 0 0.6-0.2 0.3-0.6 0.3h-4.3q-0.7 0-1.2-0.8l-6-11.1q0.3-0.6 9.5-16.8 0.4-0.8 1.2-0.8h4.3q0.4 0 0.5 0.3z\"\/><\/svg><\/span><\/a><\/li><li class=\"shariff-button linkedin shariff-nocustomcolor\" style=\"background-color:#1488bf\"><a href=\"https:\/\/www.linkedin.com\/sharing\/share-offsite\/?url=https%3A%2F%2Fwww.memecon.info%2F%3Fp%3D464\" title=\"Bei LinkedIn teilen\" aria-label=\"Bei LinkedIn teilen\" role=\"button\" rel=\"noopener nofollow\" class=\"shariff-link\" style=\"; background-color:#0077b5; color:#fff\" target=\"_blank\"><span class=\"shariff-icon\" style=\"\"><svg width=\"32px\" height=\"20px\" xmlns=\"http:\/\/www.w3.org\/2000\/svg\" viewBox=\"0 0 27 32\"><path fill=\"#0077b5\" d=\"M6.2 11.2v17.7h-5.9v-17.7h5.9zM6.6 5.7q0 1.3-0.9 2.2t-2.4 0.9h0q-1.5 0-2.4-0.9t-0.9-2.2 0.9-2.2 2.4-0.9 2.4 0.9 0.9 2.2zM27.4 18.7v10.1h-5.9v-9.5q0-1.9-0.7-2.9t-2.3-1.1q-1.1 0-1.9 0.6t-1.2 1.5q-0.2 0.5-0.2 1.4v9.9h-5.9q0-7.1 0-11.6t0-5.3l0-0.9h5.9v2.6h0q0.4-0.6 0.7-1t1-0.9 1.6-0.8 2-0.3q3 0 4.9 2t1.9 6z\"\/><\/svg><\/span><\/a><\/li><li class=\"shariff-button facebook shariff-nocustomcolor\" style=\"background-color:#4273c8\"><a href=\"https:\/\/www.facebook.com\/sharer\/sharer.php?u=https%3A%2F%2Fwww.memecon.info%2F%3Fp%3D464\" title=\"Bei Facebook teilen\" aria-label=\"Bei Facebook teilen\" role=\"button\" rel=\"nofollow\" class=\"shariff-link\" style=\"; background-color:#3b5998; color:#fff\" target=\"_blank\"><span class=\"shariff-icon\" style=\"\"><svg width=\"32px\" height=\"20px\" xmlns=\"http:\/\/www.w3.org\/2000\/svg\" viewBox=\"0 0 18 32\"><path fill=\"#3b5998\" d=\"M17.1 0.2v4.7h-2.8q-1.5 0-2.1 0.6t-0.5 1.9v3.4h5.2l-0.7 5.3h-4.5v13.6h-5.5v-13.6h-4.5v-5.3h4.5v-3.9q0-3.3 1.9-5.2t5-1.8q2.6 0 4.1 0.2z\"\/><\/svg><\/span><\/a><\/li><li class=\"shariff-button flipboard shariff-nocustomcolor\" style=\"background-color:#373737\"><a href=\"https:\/\/share.flipboard.com\/bookmarklet\/popout?v=2&title=Die%20F%C3%BChrung%20anderer%20beginnt%20bei%20einem%20selbst&url=https%3A%2F%2Fwww.memecon.info%2F%3Fp%3D464\" title=\"Bei Flipboard teilen\" aria-label=\"Bei Flipboard teilen\" role=\"button\" rel=\"noopener nofollow\" class=\"shariff-link\" style=\"; background-color:#f52828; color:#fff\" target=\"_blank\"><span class=\"shariff-icon\" style=\"\"><svg width=\"24px\" height=\"24px\" xmlns=\"http:\/\/www.w3.org\/2000\/svg\" viewBox=\"0 0 24 24\"><path fill=\"#f52828\" d=\"M0 0h8v24H0V0zm9 9h7v7H9V9zm0-9h15v8H9V0z\"\/><\/svg><\/span><\/a><\/li><li class=\"shariff-button twitter shariff-nocustomcolor\" style=\"background-color:#595959\"><a href=\"https:\/\/twitter.com\/share?url=https%3A%2F%2Fwww.memecon.info%2F%3Fp%3D464&text=Die%20F%C3%BChrung%20anderer%20beginnt%20bei%20einem%20selbst\" title=\"Bei X teilen\" aria-label=\"Bei X teilen\" role=\"button\" rel=\"noopener nofollow\" class=\"shariff-link\" style=\"; background-color:#000; color:#fff\" target=\"_blank\"><span class=\"shariff-icon\" style=\"\"><svg width=\"32px\" height=\"20px\" xmlns=\"http:\/\/www.w3.org\/2000\/svg\" viewBox=\"0 0 24 24\"><path fill=\"#000\" d=\"M14.258 10.152L23.176 0h-2.113l-7.747 8.813L7.133 0H0l9.352 13.328L0 23.973h2.113l8.176-9.309 6.531 9.309h7.133zm-2.895 3.293l-.949-1.328L2.875 1.56h3.246l6.086 8.523.945 1.328 7.91 11.078h-3.246zm0 0\"\/><\/svg><\/span><\/a><\/li><\/ul><\/div>","protected":false},"excerpt":{"rendered":"<p>In der Vergangenheit war die Leitung von Mitarbeitern in der Struktur festgelegt. Auf verschiedenen Ebenen bekamen ausgew\u00e4hlte Personen inhaltliche Aufgaben und die Leitung von Mitarbeitern zugewiesen. Heute ist F\u00fchrung ohne die formale Verankerung in der Struktur Bestandteil von Projekten, Workshops und Arbeitsteams. Dies f\u00fchrt dazu, dass immer mehr Mitarbeiter mit der Steuerung von Gruppen betraut werden. Neben den Leitungsaufgaben Konzeption, Koordination, Kommunikation und Kooperation spielt das Selbstmanagement die entscheidende Rolle, denn die F\u00fchrung anderer beginnt bei einem selbst. Die Stabilit\u00e4t der eigenen Pers\u00f6nlichkeit, d.h. die physische und psychische Belastbarkeit (die sogenannte Resilienz), ist die Voraussetzung f\u00fcr eine wirksame Leitung von Mitarbeitern. Hierf\u00fcr sollte man die folgenden drei Bereiche im Griff [&hellip;]<\/p>\n","protected":false},"author":1,"featured_media":0,"comment_status":"closed","ping_status":"closed","sticky":false,"template":"","format":"standard","meta":{"_crdt_document":"","footnotes":""},"categories":[25,3],"tags":[267,248,383,830],"class_list":["post-464","post","type-post","status-publish","format-standard","hentry","category-changemanagement","category-deutsch","tag-geschaeftsmodell","tag-selbstbild","tag-selbstmanagement","tag-strategie"],"aioseo_notices":[],"_links":{"self":[{"href":"https:\/\/www.memecon.info\/index.php?rest_route=\/wp\/v2\/posts\/464","targetHints":{"allow":["GET"]}}],"collection":[{"href":"https:\/\/www.memecon.info\/index.php?rest_route=\/wp\/v2\/posts"}],"about":[{"href":"https:\/\/www.memecon.info\/index.php?rest_route=\/wp\/v2\/types\/post"}],"author":[{"embeddable":true,"href":"https:\/\/www.memecon.info\/index.php?rest_route=\/wp\/v2\/users\/1"}],"replies":[{"embeddable":true,"href":"https:\/\/www.memecon.info\/index.php?rest_route=%2Fwp%2Fv2%2Fcomments&post=464"}],"version-history":[{"count":0,"href":"https:\/\/www.memecon.info\/index.php?rest_route=\/wp\/v2\/posts\/464\/revisions"}],"wp:attachment":[{"href":"https:\/\/www.memecon.info\/index.php?rest_route=%2Fwp%2Fv2%2Fmedia&parent=464"}],"wp:term":[{"taxonomy":"category","embeddable":true,"href":"https:\/\/www.memecon.info\/index.php?rest_route=%2Fwp%2Fv2%2Fcategories&post=464"},{"taxonomy":"post_tag","embeddable":true,"href":"https:\/\/www.memecon.info\/index.php?rest_route=%2Fwp%2Fv2%2Ftags&post=464"}],"curies":[{"name":"wp","href":"https:\/\/api.w.org\/{rel}","templated":true}]}}