{"id":531,"date":"2014-09-19T06:56:08","date_gmt":"2014-09-19T06:56:08","guid":{"rendered":"http:\/\/memecon.info\/?p=531"},"modified":"2018-05-18T08:00:54","modified_gmt":"2018-05-18T08:00:54","slug":"nicht-anprangern-erinnern","status":"publish","type":"post","link":"https:\/\/www.memecon.info\/?p=531","title":{"rendered":"Nicht anprangern &#8211; Erinnern!"},"content":{"rendered":"<p>Wer? Was? Wann? Wo? Wie? Warum? Gute Fragen, um einen Sachverhalt zu erfassen. Ver\u00f6ffentlichungen werden immer mehr auseinandergenommen. Aus diesem Grund vermeiden viele, direkt zu kritisieren, um sich nicht selbst der Kritik auszusetzen. Es ist auch nicht mehr n\u00f6tig zu verurteilen, da es gen\u00fcgt, das Thema zu erw\u00e4hnen. Unsere einge\u00fcbten Bewertungen f\u00fchren dann automatisch zu einer kollektiven Verurteilung &#8211; ohne direkt anzuprangern, sondern durch einfaches erinnern.<\/p>\n<p><a href=\"http:\/\/memecon.info\/wp-content\/uploads\/2014\/09\/Erinnern.jpg\"><img loading=\"lazy\" decoding=\"async\" class=\"alignnone size-full wp-image-529\" src=\"http:\/\/memecon.info\/wp-content\/uploads\/2014\/09\/Erinnern.jpg\" alt=\"Erinnern\" width=\"835\" height=\"641\" srcset=\"https:\/\/www.memecon.info\/wp-content\/uploads\/2014\/09\/Erinnern.jpg 835w, https:\/\/www.memecon.info\/wp-content\/uploads\/2014\/09\/Erinnern-300x230.jpg 300w, https:\/\/www.memecon.info\/wp-content\/uploads\/2014\/09\/Erinnern-624x479.jpg 624w\" sizes=\"auto, (max-width: 835px) 100vw, 835px\" \/><\/a><\/p>\n<p>Eine geschickte Erinnerungskultur kann genutzt werden, um das Stigma einer sozialen Gruppe im Bewusstsein der Gesellschaft wach zu halten, aufzufrischen oder neu aufzubauen. Beispiele finden sich \u00fcberall. So h\u00e4lt Japan jedes Jahr am 6. August in Hiroshima und am 9. August in Nagasaki die Erinnerungen an die Atombomben wach, die 1945 von den USA auf Japan abgeworfen wurden. Oder denken wir an die westlichen Medien, die die Erinnerung an den Zwischenfall vom 4. Juni 1989 am Platz des Himmlischen Friedens in Peking regelm\u00e4\u00dfig unter dem Titel Tian\u2018anmen-Massaker auffrischen. Oder die Rede von Pr\u00e4sident Obama am 24.7.2008, an der Siegess\u00e4ule in Berlin, in der er den Geist des Kalten Krieges wieder neu aufgebaut hat *1.<\/p>\n<p>Der Vorwurf steckt sozusagen in dem entsprechenden Erinnerungsritual &#8211; Ver\u00f6ffentlichungen, Reportagen, Veranstaltungen und \u00e4hnliches. Besonders wirkungsvoll sind dabei die folgenden Elemente.<\/p>\n<ul>\n<li><strong>Schlagworte<\/strong><br \/>\nDabei handelt es sich um Begriffe, die mit einer emotionalen und wertenden Bedeutung bestimmte Assoziationen bei der Zielgruppe ausl\u00f6sen, z.B. Linke und Rechte, Freiheitsk\u00e4mpfer und Terrorist, Kapitalismus.<\/li>\n<li><strong>Bilder<\/strong><br \/>\nDie Mediengesellschaft hat eine Unmenge von Bildern im kollektiven Ged\u00e4chtnis verankert, z.B. Abu-Ghuraib, der fl\u00fcchtende Volkspolizist an der Berliner Mauer, der Chinese, der mit Einkauft\u00fcten sich am Platz des himmlischen Friedens den Panzern in den Weg stellt (s. Bild oben).<\/li>\n<li><strong>Zeitzeugen<\/strong><br \/>\nDie Aussagen, mit denen sich Zeitzeugen nach vielen Jahren an Ereignisse erinnern.<\/li>\n<li><strong>Vergleiche<\/strong><br \/>\nDer Vergleich aktueller Ereignisse mit historischen Geschehnissen liefert gleichzeitig eine Einsch\u00e4tzung der aktuellen Situation. Beispielsweise im Jahr 2014 der Vergleich zwischen dem Beginn des ersten Weltkriegs und den aktuellen politischen Situationen in der Welt.<\/li>\n<\/ul>\n<p>Die Erinnerung h\u00e4lt die Bedeutung an Sachverhalte, Geschehnisse und emotionale Erlebnisse wach. Auch wenn die Situation sich \u00fcberlebt hat, bleiben damit alte Gef\u00fchle erhalten. Einerseits kann es dazu beitragen, dass \u00e4hnliche Dinge nie wieder geschehen. Andererseits verpasst man die Chance des Vergessens und Vergebens und alte Abneigungen bleiben \u00fcber lange Zeit erhalten.<\/p>\n<p>Fazit: Direkt kritisieren, beschuldigen, brandmarken und verurteilen ist die Ultima Ratio, um Missst\u00e4nde anzuprangern. Der subtilere Weg geht \u00fcber das Gedenken. Das h\u00e4lt den einstigen Missstand wach und die urspr\u00fcngliche Emotion aktiv, ohne dass man durch die Nutzung von aktiver Kritik selbst angreifbar wird.<\/p>\n<p><em>*1 \u201eIn diesem Jahrhundert \u2013 in dieser Stadt aller St\u00e4dte \u2013 m\u00fcssen wir die Geisteshaltung des Kalten Krieges verwerfen, uns von der Vergangenheit l\u00f6sen und entschlie\u00dfen, mit Russland zusammen zu arbeiten, wenn wir k\u00f6nnen, aufzustehen f\u00fcr unsere Werte, wenn wir m\u00fcssen und\u00a0nach einer Partnerschaft suchen, die sich \u00fcber den gesamten Kontinent erstreckt.\u201c <\/em><em>24.7.2008<\/em><\/p>\n<div class=\"shariff shariff-align-left shariff-widget-align-left\"><ul class=\"shariff-buttons theme-round orientation-horizontal buttonsize-medium\"><li class=\"shariff-button xing shariff-nocustomcolor\" style=\"background-color:#29888a\"><a href=\"https:\/\/www.xing.com\/spi\/shares\/new?url=https%3A%2F%2Fwww.memecon.info%2F%3Fp%3D531\" title=\"Bei XING teilen\" aria-label=\"Bei XING teilen\" role=\"button\" rel=\"noopener nofollow\" class=\"shariff-link\" style=\"; background-color:#126567; color:#fff\" target=\"_blank\"><span class=\"shariff-icon\" style=\"\"><svg width=\"32px\" height=\"20px\" xmlns=\"http:\/\/www.w3.org\/2000\/svg\" viewBox=\"0 0 25 32\"><path fill=\"#126567\" d=\"M10.7 11.9q-0.2 0.3-4.6 8.2-0.5 0.8-1.2 0.8h-4.3q-0.4 0-0.5-0.3t0-0.6l4.5-8q0 0 0 0l-2.9-5q-0.2-0.4 0-0.7 0.2-0.3 0.5-0.3h4.3q0.7 0 1.2 0.8zM25.1 0.4q0.2 0.3 0 0.7l-9.4 16.7 6 11q0.2 0.4 0 0.6-0.2 0.3-0.6 0.3h-4.3q-0.7 0-1.2-0.8l-6-11.1q0.3-0.6 9.5-16.8 0.4-0.8 1.2-0.8h4.3q0.4 0 0.5 0.3z\"\/><\/svg><\/span><\/a><\/li><li class=\"shariff-button linkedin shariff-nocustomcolor\" style=\"background-color:#1488bf\"><a href=\"https:\/\/www.linkedin.com\/sharing\/share-offsite\/?url=https%3A%2F%2Fwww.memecon.info%2F%3Fp%3D531\" title=\"Bei LinkedIn teilen\" aria-label=\"Bei LinkedIn teilen\" role=\"button\" rel=\"noopener nofollow\" class=\"shariff-link\" style=\"; background-color:#0077b5; color:#fff\" target=\"_blank\"><span class=\"shariff-icon\" style=\"\"><svg width=\"32px\" height=\"20px\" xmlns=\"http:\/\/www.w3.org\/2000\/svg\" viewBox=\"0 0 27 32\"><path fill=\"#0077b5\" d=\"M6.2 11.2v17.7h-5.9v-17.7h5.9zM6.6 5.7q0 1.3-0.9 2.2t-2.4 0.9h0q-1.5 0-2.4-0.9t-0.9-2.2 0.9-2.2 2.4-0.9 2.4 0.9 0.9 2.2zM27.4 18.7v10.1h-5.9v-9.5q0-1.9-0.7-2.9t-2.3-1.1q-1.1 0-1.9 0.6t-1.2 1.5q-0.2 0.5-0.2 1.4v9.9h-5.9q0-7.1 0-11.6t0-5.3l0-0.9h5.9v2.6h0q0.4-0.6 0.7-1t1-0.9 1.6-0.8 2-0.3q3 0 4.9 2t1.9 6z\"\/><\/svg><\/span><\/a><\/li><li class=\"shariff-button facebook shariff-nocustomcolor\" style=\"background-color:#4273c8\"><a href=\"https:\/\/www.facebook.com\/sharer\/sharer.php?u=https%3A%2F%2Fwww.memecon.info%2F%3Fp%3D531\" title=\"Bei Facebook teilen\" aria-label=\"Bei Facebook teilen\" role=\"button\" rel=\"nofollow\" class=\"shariff-link\" style=\"; background-color:#3b5998; color:#fff\" target=\"_blank\"><span class=\"shariff-icon\" style=\"\"><svg width=\"32px\" height=\"20px\" xmlns=\"http:\/\/www.w3.org\/2000\/svg\" viewBox=\"0 0 18 32\"><path fill=\"#3b5998\" d=\"M17.1 0.2v4.7h-2.8q-1.5 0-2.1 0.6t-0.5 1.9v3.4h5.2l-0.7 5.3h-4.5v13.6h-5.5v-13.6h-4.5v-5.3h4.5v-3.9q0-3.3 1.9-5.2t5-1.8q2.6 0 4.1 0.2z\"\/><\/svg><\/span><\/a><\/li><li class=\"shariff-button flipboard shariff-nocustomcolor\" style=\"background-color:#373737\"><a href=\"https:\/\/share.flipboard.com\/bookmarklet\/popout?v=2&title=Nicht%20anprangern%20%E2%80%93%20Erinnern%21&url=https%3A%2F%2Fwww.memecon.info%2F%3Fp%3D531\" title=\"Bei Flipboard teilen\" aria-label=\"Bei Flipboard teilen\" role=\"button\" rel=\"noopener nofollow\" class=\"shariff-link\" style=\"; background-color:#f52828; color:#fff\" target=\"_blank\"><span class=\"shariff-icon\" style=\"\"><svg width=\"24px\" height=\"24px\" xmlns=\"http:\/\/www.w3.org\/2000\/svg\" viewBox=\"0 0 24 24\"><path fill=\"#f52828\" d=\"M0 0h8v24H0V0zm9 9h7v7H9V9zm0-9h15v8H9V0z\"\/><\/svg><\/span><\/a><\/li><li class=\"shariff-button twitter shariff-nocustomcolor\" style=\"background-color:#595959\"><a href=\"https:\/\/twitter.com\/share?url=https%3A%2F%2Fwww.memecon.info%2F%3Fp%3D531&text=Nicht%20anprangern%20%E2%80%93%20Erinnern%21\" title=\"Bei X teilen\" aria-label=\"Bei X teilen\" role=\"button\" rel=\"noopener nofollow\" class=\"shariff-link\" style=\"; background-color:#000; color:#fff\" target=\"_blank\"><span class=\"shariff-icon\" style=\"\"><svg width=\"32px\" height=\"20px\" xmlns=\"http:\/\/www.w3.org\/2000\/svg\" viewBox=\"0 0 24 24\"><path fill=\"#000\" d=\"M14.258 10.152L23.176 0h-2.113l-7.747 8.813L7.133 0H0l9.352 13.328L0 23.973h2.113l8.176-9.309 6.531 9.309h7.133zm-2.895 3.293l-.949-1.328L2.875 1.56h3.246l6.086 8.523.945 1.328 7.91 11.078h-3.246zm0 0\"\/><\/svg><\/span><\/a><\/li><\/ul><\/div>","protected":false},"excerpt":{"rendered":"<p>Wer? Was? Wann? Wo? Wie? Warum? Gute Fragen, um einen Sachverhalt zu erfassen. Ver\u00f6ffentlichungen werden immer mehr auseinandergenommen. Aus diesem Grund vermeiden viele, direkt zu kritisieren, um sich nicht selbst der Kritik auszusetzen. Es ist auch nicht mehr n\u00f6tig zu verurteilen, da es gen\u00fcgt, das Thema zu erw\u00e4hnen. Unsere einge\u00fcbten Bewertungen f\u00fchren dann automatisch zu einer kollektiven Verurteilung &#8211; ohne direkt anzuprangern, sondern durch einfaches erinnern. Eine geschickte Erinnerungskultur kann genutzt werden, um das Stigma einer sozialen Gruppe im Bewusstsein der Gesellschaft wach zu halten, aufzufrischen oder neu aufzubauen. Beispiele finden sich \u00fcberall. So h\u00e4lt Japan jedes Jahr am 6. August in Hiroshima und am 9. August in Nagasaki die [&hellip;]<\/p>\n","protected":false},"author":1,"featured_media":0,"comment_status":"closed","ping_status":"closed","sticky":false,"template":"","format":"standard","meta":{"_crdt_document":"","footnotes":""},"categories":[3,10],"tags":[197,431,432,434,433],"class_list":["post-531","post","type-post","status-publish","format-standard","hentry","category-deutsch","category-kommunikation","tag-bilder","tag-errinern","tag-schlagworte","tag-vergleich","tag-zeitzeugen"],"aioseo_notices":[],"_links":{"self":[{"href":"https:\/\/www.memecon.info\/index.php?rest_route=\/wp\/v2\/posts\/531","targetHints":{"allow":["GET"]}}],"collection":[{"href":"https:\/\/www.memecon.info\/index.php?rest_route=\/wp\/v2\/posts"}],"about":[{"href":"https:\/\/www.memecon.info\/index.php?rest_route=\/wp\/v2\/types\/post"}],"author":[{"embeddable":true,"href":"https:\/\/www.memecon.info\/index.php?rest_route=\/wp\/v2\/users\/1"}],"replies":[{"embeddable":true,"href":"https:\/\/www.memecon.info\/index.php?rest_route=%2Fwp%2Fv2%2Fcomments&post=531"}],"version-history":[{"count":0,"href":"https:\/\/www.memecon.info\/index.php?rest_route=\/wp\/v2\/posts\/531\/revisions"}],"wp:attachment":[{"href":"https:\/\/www.memecon.info\/index.php?rest_route=%2Fwp%2Fv2%2Fmedia&parent=531"}],"wp:term":[{"taxonomy":"category","embeddable":true,"href":"https:\/\/www.memecon.info\/index.php?rest_route=%2Fwp%2Fv2%2Fcategories&post=531"},{"taxonomy":"post_tag","embeddable":true,"href":"https:\/\/www.memecon.info\/index.php?rest_route=%2Fwp%2Fv2%2Ftags&post=531"}],"curies":[{"name":"wp","href":"https:\/\/api.w.org\/{rel}","templated":true}]}}