{"id":608,"date":"2014-11-08T19:06:03","date_gmt":"2014-11-08T19:06:03","guid":{"rendered":"http:\/\/memecon.info\/?p=608"},"modified":"2019-12-24T08:06:01","modified_gmt":"2019-12-24T08:06:01","slug":"25-jahre-mauerfall","status":"publish","type":"post","link":"https:\/\/www.memecon.info\/?p=608","title":{"rendered":"30 Jahre Mauerfall"},"content":{"rendered":"<p>Die Mauern von Babylon waren eines der sieben Weltwunder der Antike. Die chinesische Mauer sicherte \u00fcber mehrere Jahrhunderte China gegen den Rest der Welt. Selbst heute spielen Mauern noch eine gro\u00dfe Rolle. In gut zwanzig Jahren ist die Berliner Mauer ein Teil des globalen Ged\u00e4chtnisses geworden &#8211; vor allem durch ihren Fall am 9. November 1989.<\/p>\n<p><a href=\"http:\/\/memecon.info\/wp-content\/uploads\/2014\/11\/Mauerfall.jpg\"><img loading=\"lazy\" decoding=\"async\" class=\"alignnone size-full wp-image-606\" src=\"http:\/\/memecon.info\/wp-content\/uploads\/2014\/11\/Mauerfall.jpg\" alt=\"Mauerfall\" width=\"835\" height=\"641\" srcset=\"https:\/\/www.memecon.info\/wp-content\/uploads\/2014\/11\/Mauerfall.jpg 835w, https:\/\/www.memecon.info\/wp-content\/uploads\/2014\/11\/Mauerfall-300x230.jpg 300w, https:\/\/www.memecon.info\/wp-content\/uploads\/2014\/11\/Mauerfall-624x479.jpg 624w\" sizes=\"auto, (max-width: 835px) 100vw, 835px\" \/><\/a><\/p>\n<p>Diese 160 km, die den Westteil von Berlin einschlossen, und die \u00fcber 1300 km Grenze zwischen der DDR und der BRD waren eine kritische Bruchlinie zwischen Ost und West &#8211; der deutsche Teil des Eisernen Vorhangs. Insgesamt starben mindestens 626 Menschen bei dem Versuch diese Grenze zu \u00fcberwinden. Gesch\u00e4tzte zweihunderttausend Inhaftierte sa\u00dfen in den vierzig Jahren DDR aus politischen Gr\u00fcnden im Gef\u00e4ngnis. Drei bis f\u00fcnf Millionen Menschen haben die DDR zwischen 1949 und 1989 verlassen (siehe <a href=\"http:\/\/ow.ly\/DY8Zd\">http:\/\/ow.ly\/DY8Zd<\/a>). Hunderte von Atomraketen waren \u00fcber Jahrzehnte startklar, um Deutschland in eine atomare W\u00fcste zu verwandeln. Der Schaden, den viele Menschen erlitten haben, l\u00e4sst sich nicht ungeschehen machen. Die Geschichte wird diese Opfer nie vergessen.<br \/>\nDer Fall der Mauer am 9. November 1989 beendete die Aufteilung der Welt in Ost und West, das \u00fcberb\u00fcrokratisierte und diktatorische System der DDR sowie die latente atomare Bedrohung in Europa. Im Wesentlichen ist dies den Reformbewegungen in Polen, Ungarn und der Tschechoslowakei und vor allem den vielen Menschen der ehemaligen DDR zu verdanken, die in die Botschaften gefl\u00fcchtet sind und in den Montagsdemonstrationen f\u00fcr ihre Freiheit auf die Stra\u00dfe gegangen sind. Damit ist der 9.November 1989 ein Wendepunkt in der Weltgeschichte, der uns vor 25 Jahren das Damoklesschwert der nuklearen Ausl\u00f6schung entfernt hat. Kein Dank der Welt kann dieser Leistung gerecht werden.<\/p>\n<p>Nach 30 Jahren sollte die Trennung \u00fcberwunden sein. Hoffentlich wird die verschwundene Grenze nicht wieder vom Westen her durch populistische Propaganda hochgezogen.<\/p>\n<p><strong>Alles Gute zum F\u00fcnfundzwanzigsten!<\/strong><\/p>\n<p>Was bleibt?<\/p>\n<p>Heute stehen noch immer Mauern und Z\u00e4une zwischen unterschiedlichen Ideologien, Glaubens- und Wirtschaftssystemen. Die demilitarisierte Zone trennt Nord- von S\u00fcdkorea. Zwischen den USA und Mexiko erstreckt sich ein bis zu 4m hoher Zaun \u00fcber 3000km. In Belfast trennen Friedenslinien Katholiken von Protestanten. Europa hat vor allem nat\u00fcrliche Grenzen, aber an manchen Stellen wurden Grenzanlagen errichtet, z.B. trennt die spanische Stadt Melilla ein 6m hoher Zaun von Marokko. Eine neue Form von Grenze sind die Aktivit\u00e4ten von Frontex (siehe <a href=\"http:\/\/ow.ly\/DYgiD\">http:\/\/ow.ly\/DYgiD<\/a>). Diese Organisation sichert die Au\u00dfengrenzen von Europa. Was braucht es eigentlich, um aus der Geschichte zu lernen?<\/p>\n<div class=\"shariff shariff-align-left shariff-widget-align-left\"><ul class=\"shariff-buttons theme-round orientation-horizontal buttonsize-medium\"><li class=\"shariff-button xing shariff-nocustomcolor\" style=\"background-color:#29888a\"><a href=\"https:\/\/www.xing.com\/spi\/shares\/new?url=https%3A%2F%2Fwww.memecon.info%2F%3Fp%3D608\" title=\"Bei XING teilen\" aria-label=\"Bei XING teilen\" role=\"button\" rel=\"noopener nofollow\" class=\"shariff-link\" style=\"; background-color:#126567; color:#fff\" target=\"_blank\"><span class=\"shariff-icon\" style=\"\"><svg width=\"32px\" height=\"20px\" xmlns=\"http:\/\/www.w3.org\/2000\/svg\" viewBox=\"0 0 25 32\"><path fill=\"#126567\" d=\"M10.7 11.9q-0.2 0.3-4.6 8.2-0.5 0.8-1.2 0.8h-4.3q-0.4 0-0.5-0.3t0-0.6l4.5-8q0 0 0 0l-2.9-5q-0.2-0.4 0-0.7 0.2-0.3 0.5-0.3h4.3q0.7 0 1.2 0.8zM25.1 0.4q0.2 0.3 0 0.7l-9.4 16.7 6 11q0.2 0.4 0 0.6-0.2 0.3-0.6 0.3h-4.3q-0.7 0-1.2-0.8l-6-11.1q0.3-0.6 9.5-16.8 0.4-0.8 1.2-0.8h4.3q0.4 0 0.5 0.3z\"\/><\/svg><\/span><\/a><\/li><li class=\"shariff-button linkedin shariff-nocustomcolor\" style=\"background-color:#1488bf\"><a href=\"https:\/\/www.linkedin.com\/sharing\/share-offsite\/?url=https%3A%2F%2Fwww.memecon.info%2F%3Fp%3D608\" title=\"Bei LinkedIn teilen\" aria-label=\"Bei LinkedIn teilen\" role=\"button\" rel=\"noopener nofollow\" class=\"shariff-link\" style=\"; background-color:#0077b5; color:#fff\" target=\"_blank\"><span class=\"shariff-icon\" style=\"\"><svg width=\"32px\" height=\"20px\" xmlns=\"http:\/\/www.w3.org\/2000\/svg\" viewBox=\"0 0 27 32\"><path fill=\"#0077b5\" d=\"M6.2 11.2v17.7h-5.9v-17.7h5.9zM6.6 5.7q0 1.3-0.9 2.2t-2.4 0.9h0q-1.5 0-2.4-0.9t-0.9-2.2 0.9-2.2 2.4-0.9 2.4 0.9 0.9 2.2zM27.4 18.7v10.1h-5.9v-9.5q0-1.9-0.7-2.9t-2.3-1.1q-1.1 0-1.9 0.6t-1.2 1.5q-0.2 0.5-0.2 1.4v9.9h-5.9q0-7.1 0-11.6t0-5.3l0-0.9h5.9v2.6h0q0.4-0.6 0.7-1t1-0.9 1.6-0.8 2-0.3q3 0 4.9 2t1.9 6z\"\/><\/svg><\/span><\/a><\/li><li class=\"shariff-button facebook shariff-nocustomcolor\" style=\"background-color:#4273c8\"><a href=\"https:\/\/www.facebook.com\/sharer\/sharer.php?u=https%3A%2F%2Fwww.memecon.info%2F%3Fp%3D608\" title=\"Bei Facebook teilen\" aria-label=\"Bei Facebook teilen\" role=\"button\" rel=\"nofollow\" class=\"shariff-link\" style=\"; background-color:#3b5998; color:#fff\" target=\"_blank\"><span class=\"shariff-icon\" style=\"\"><svg width=\"32px\" height=\"20px\" xmlns=\"http:\/\/www.w3.org\/2000\/svg\" viewBox=\"0 0 18 32\"><path fill=\"#3b5998\" d=\"M17.1 0.2v4.7h-2.8q-1.5 0-2.1 0.6t-0.5 1.9v3.4h5.2l-0.7 5.3h-4.5v13.6h-5.5v-13.6h-4.5v-5.3h4.5v-3.9q0-3.3 1.9-5.2t5-1.8q2.6 0 4.1 0.2z\"\/><\/svg><\/span><\/a><\/li><li class=\"shariff-button flipboard shariff-nocustomcolor\" style=\"background-color:#373737\"><a href=\"https:\/\/share.flipboard.com\/bookmarklet\/popout?v=2&title=30%20Jahre%20Mauerfall&url=https%3A%2F%2Fwww.memecon.info%2F%3Fp%3D608\" title=\"Bei Flipboard teilen\" aria-label=\"Bei Flipboard teilen\" role=\"button\" rel=\"noopener nofollow\" class=\"shariff-link\" style=\"; background-color:#f52828; color:#fff\" target=\"_blank\"><span class=\"shariff-icon\" style=\"\"><svg width=\"24px\" height=\"24px\" xmlns=\"http:\/\/www.w3.org\/2000\/svg\" viewBox=\"0 0 24 24\"><path fill=\"#f52828\" d=\"M0 0h8v24H0V0zm9 9h7v7H9V9zm0-9h15v8H9V0z\"\/><\/svg><\/span><\/a><\/li><li class=\"shariff-button twitter shariff-nocustomcolor\" style=\"background-color:#595959\"><a href=\"https:\/\/twitter.com\/share?url=https%3A%2F%2Fwww.memecon.info%2F%3Fp%3D608&text=30%20Jahre%20Mauerfall\" title=\"Bei X teilen\" aria-label=\"Bei X teilen\" role=\"button\" rel=\"noopener nofollow\" class=\"shariff-link\" style=\"; background-color:#000; color:#fff\" target=\"_blank\"><span class=\"shariff-icon\" style=\"\"><svg width=\"32px\" height=\"20px\" xmlns=\"http:\/\/www.w3.org\/2000\/svg\" viewBox=\"0 0 24 24\"><path fill=\"#000\" d=\"M14.258 10.152L23.176 0h-2.113l-7.747 8.813L7.133 0H0l9.352 13.328L0 23.973h2.113l8.176-9.309 6.531 9.309h7.133zm-2.895 3.293l-.949-1.328L2.875 1.56h3.246l6.086 8.523.945 1.328 7.91 11.078h-3.246zm0 0\"\/><\/svg><\/span><\/a><\/li><\/ul><\/div>","protected":false},"excerpt":{"rendered":"<p>Die Mauern von Babylon waren eines der sieben Weltwunder der Antike. Die chinesische Mauer sicherte \u00fcber mehrere Jahrhunderte China gegen den Rest der Welt. Selbst heute spielen Mauern noch eine gro\u00dfe Rolle. In gut zwanzig Jahren ist die Berliner Mauer ein Teil des globalen Ged\u00e4chtnisses geworden &#8211; vor allem durch ihren Fall am 9. November 1989. Diese 160 km, die den Westteil von Berlin einschlossen, und die \u00fcber 1300 km Grenze zwischen der DDR und der BRD waren eine kritische Bruchlinie zwischen Ost und West &#8211; der deutsche Teil des Eisernen Vorhangs. Insgesamt starben mindestens 626 Menschen bei dem Versuch diese Grenze zu \u00fcberwinden. Gesch\u00e4tzte zweihunderttausend Inhaftierte sa\u00dfen in den [&hellip;]<\/p>\n","protected":false},"author":1,"featured_media":0,"comment_status":"closed","ping_status":"closed","sticky":false,"template":"","format":"standard","meta":{"_crdt_document":"","footnotes":""},"categories":[3,21],"tags":[495,493],"class_list":["post-608","post","type-post","status-publish","format-standard","hentry","category-deutsch","category-verschiedenes","tag-berliner-mauer","tag-fall"],"aioseo_notices":[],"_links":{"self":[{"href":"https:\/\/www.memecon.info\/index.php?rest_route=\/wp\/v2\/posts\/608","targetHints":{"allow":["GET"]}}],"collection":[{"href":"https:\/\/www.memecon.info\/index.php?rest_route=\/wp\/v2\/posts"}],"about":[{"href":"https:\/\/www.memecon.info\/index.php?rest_route=\/wp\/v2\/types\/post"}],"author":[{"embeddable":true,"href":"https:\/\/www.memecon.info\/index.php?rest_route=\/wp\/v2\/users\/1"}],"replies":[{"embeddable":true,"href":"https:\/\/www.memecon.info\/index.php?rest_route=%2Fwp%2Fv2%2Fcomments&post=608"}],"version-history":[{"count":0,"href":"https:\/\/www.memecon.info\/index.php?rest_route=\/wp\/v2\/posts\/608\/revisions"}],"wp:attachment":[{"href":"https:\/\/www.memecon.info\/index.php?rest_route=%2Fwp%2Fv2%2Fmedia&parent=608"}],"wp:term":[{"taxonomy":"category","embeddable":true,"href":"https:\/\/www.memecon.info\/index.php?rest_route=%2Fwp%2Fv2%2Fcategories&post=608"},{"taxonomy":"post_tag","embeddable":true,"href":"https:\/\/www.memecon.info\/index.php?rest_route=%2Fwp%2Fv2%2Ftags&post=608"}],"curies":[{"name":"wp","href":"https:\/\/api.w.org\/{rel}","templated":true}]}}