{"id":910,"date":"2015-07-18T12:01:00","date_gmt":"2015-07-18T12:01:00","guid":{"rendered":"http:\/\/memecon.info\/?p=910"},"modified":"2024-08-20T05:26:52","modified_gmt":"2024-08-20T05:26:52","slug":"kritiker-kuratoren-und-kommentatoren","status":"publish","type":"post","link":"https:\/\/www.memecon.info\/?p=910","title":{"rendered":"Kritiker, Kuratoren und Kommentatoren"},"content":{"rendered":"<p>Die Medien ben\u00f6tigen einen ununterbrochenen Strom an Inhalten, die gesendet, gedruckt oder gepostet werden. Jedes noch so kleine Thema oder Sachgebiet findet einen eigenen Zugang zu seinem Publikum. Hunderte von Fernsehkan\u00e4len senden rund um die Uhr. Ebenso viele Zeitschriften fluten die Kiosks. Dieses Aufkommen kann scheinbar nicht mehr mit Inhalten aus erster Hand versorgt werden. Die Schaffenskraft verlagert sich langsam in die zweite Reihe. Kritiker, Kuratoren und Kommentatoren werden wichtiger als Autoren, K\u00fcnstler und sonstige kulturelle Macher.<\/p>\n<p><a href=\"https:\/\/www.memecon.info\/wp-content\/uploads\/2024\/08\/Kritiker.jpg\"><img loading=\"lazy\" decoding=\"async\" class=\"alignnone wp-image-4546\" src=\"https:\/\/www.memecon.info\/wp-content\/uploads\/2024\/08\/Kritiker-300x230.jpg\" alt=\"\" width=\"607\" height=\"465\" srcset=\"https:\/\/www.memecon.info\/wp-content\/uploads\/2024\/08\/Kritiker-300x230.jpg 300w, https:\/\/www.memecon.info\/wp-content\/uploads\/2024\/08\/Kritiker-768x590.jpg 768w, https:\/\/www.memecon.info\/wp-content\/uploads\/2024\/08\/Kritiker-624x479.jpg 624w, https:\/\/www.memecon.info\/wp-content\/uploads\/2024\/08\/Kritiker.jpg 835w\" sizes=\"auto, (max-width: 607px) 100vw, 607px\" \/><\/a><\/p>\n<p>Eigentlich ist es ja praktisch, wenn Leute einem die Aufgabe abnehmen, die Flut an Informationen zu sichten und mundgerecht aufzubereiten. Rund um die Uhr kommentieren Nachrichtensprecher, Korrespondenten, Experten und Zeitzeugen das Tagesgeschehen. Es entwickeln sich bereits neue Formate, die die Flut an Kritiken und Kommentaren sichten und weiter verdichten. Auf diese Weise werden wertvolle Sendeminuten mit Wiederholungen und kommentierten Kommentaren gef\u00fcllt. Um die originalen Inhalte herum entwickeln sich Fr\u00fchst\u00fcckssendungen, Mittagsmagazine, Nachmittagsformate und schlie\u00dflich Nachtprogramme.<\/p>\n<p>Was passiert eigentlich, wenn die Kreativit\u00e4t der Macher verloren geht und sich auf diese, einf\u00f6rmige Wiederverwendung verlagert?<\/p>\n<p>Es ist einfacher \u00fcber andere zu berichten, als sich selbst etwas einfallen zu lassen. Die langwierige Arbeit eines Buchautors ist nat\u00fcrlich f\u00fcr die heutigen Sprinter, die nur den Atem f\u00fcr die Kurzstrecke besitzen, weniger attraktiv, als der schnelle Kommentar in Radio- oder Fernsehprogrammen. Auf diese Weise verarbeitet man mehr B\u00fccher pro Jahr, als wenn man sie selbst schreiben m\u00fcsste.<\/p>\n<p>In Ermangelung von Machern, die die vorhandene Sendezeit der audiovisuellen Medien und die Seiten in den Printmedien und dem Internet f\u00fcllen, werden allt\u00e4gliche Dinge zu Nachrichten. Entsprechend beobachten die Feuilletons die roten Teppiche und feiern royale Neugeborene. Vielf\u00e4ltige Alltagsformate erkl\u00e4ren die neuesten Di\u00e4ten oder Kochk\u00fcnste. In Wissenschaftsformaten wird \u00fcber die Steinzeit berichtet und Szenarien entwickelt, was passieren w\u00fcrde, wenn die Menschen von einem Tag auf den anderen verschwunden w\u00e4ren. In Technikformaten werden neue Autos getestet und alte aufgemotzt. Am Ende wird immer wieder das Gleiche abgehandelt und regelm\u00e4\u00dfig wiederholt. Immer die gleichen Museen, Theater, Autoren, Filmer und K\u00fcnstler werden in den Medien pr\u00e4sentiert.<\/p>\n<p>Fazit: Die Kultur verarmt durch das weichgewaschene Wiederk\u00e4uen von wenigen originalen Inhalten. Anstelle von neuen, noch nicht etablierten Machern zu berichten, werden immer die gleichen Akteure von einem Kanal in den n\u00e4chsten, von einem Feuilleton in das n\u00e4chste weitergereicht. Die Zuschauer verlieren wesentliche Lebenszeit durch kurzweilige und kurze Beitr\u00e4ge von Kritiker, Kuratoren und Kommentatoren, die sie in der Wiederholung nicht brauchen. Die Kreativit\u00e4t originale Werke zu schaffen und das daf\u00fcr notwendige Durchhalteverm\u00f6gen verpufft. Am Ende z\u00e4hlt nicht mehr der Inhalt, sondern nur noch das neuartige Format. Dies k\u00f6nnte der Begin einer unproduktiven Epoche sein, die nichts hinterl\u00e4sst als effekthascherische Kritiker, Kuratoren und Kommentatoren, die nichts weiter zur Kultur beitragen als ihre marktschreierischen Formate.<\/p>\n<div class=\"shariff shariff-align-left shariff-widget-align-left\"><ul class=\"shariff-buttons theme-round orientation-horizontal buttonsize-medium\"><li class=\"shariff-button xing shariff-nocustomcolor\" style=\"background-color:#29888a\"><a href=\"https:\/\/www.xing.com\/spi\/shares\/new?url=https%3A%2F%2Fwww.memecon.info%2F%3Fp%3D910\" title=\"Bei XING teilen\" aria-label=\"Bei XING teilen\" role=\"button\" rel=\"noopener nofollow\" class=\"shariff-link\" style=\"; background-color:#126567; color:#fff\" target=\"_blank\"><span class=\"shariff-icon\" style=\"\"><svg width=\"32px\" height=\"20px\" xmlns=\"http:\/\/www.w3.org\/2000\/svg\" viewBox=\"0 0 25 32\"><path fill=\"#126567\" d=\"M10.7 11.9q-0.2 0.3-4.6 8.2-0.5 0.8-1.2 0.8h-4.3q-0.4 0-0.5-0.3t0-0.6l4.5-8q0 0 0 0l-2.9-5q-0.2-0.4 0-0.7 0.2-0.3 0.5-0.3h4.3q0.7 0 1.2 0.8zM25.1 0.4q0.2 0.3 0 0.7l-9.4 16.7 6 11q0.2 0.4 0 0.6-0.2 0.3-0.6 0.3h-4.3q-0.7 0-1.2-0.8l-6-11.1q0.3-0.6 9.5-16.8 0.4-0.8 1.2-0.8h4.3q0.4 0 0.5 0.3z\"\/><\/svg><\/span><\/a><\/li><li class=\"shariff-button linkedin shariff-nocustomcolor\" style=\"background-color:#1488bf\"><a href=\"https:\/\/www.linkedin.com\/sharing\/share-offsite\/?url=https%3A%2F%2Fwww.memecon.info%2F%3Fp%3D910\" title=\"Bei LinkedIn teilen\" aria-label=\"Bei LinkedIn teilen\" role=\"button\" rel=\"noopener nofollow\" class=\"shariff-link\" style=\"; background-color:#0077b5; color:#fff\" target=\"_blank\"><span class=\"shariff-icon\" style=\"\"><svg width=\"32px\" height=\"20px\" xmlns=\"http:\/\/www.w3.org\/2000\/svg\" viewBox=\"0 0 27 32\"><path fill=\"#0077b5\" d=\"M6.2 11.2v17.7h-5.9v-17.7h5.9zM6.6 5.7q0 1.3-0.9 2.2t-2.4 0.9h0q-1.5 0-2.4-0.9t-0.9-2.2 0.9-2.2 2.4-0.9 2.4 0.9 0.9 2.2zM27.4 18.7v10.1h-5.9v-9.5q0-1.9-0.7-2.9t-2.3-1.1q-1.1 0-1.9 0.6t-1.2 1.5q-0.2 0.5-0.2 1.4v9.9h-5.9q0-7.1 0-11.6t0-5.3l0-0.9h5.9v2.6h0q0.4-0.6 0.7-1t1-0.9 1.6-0.8 2-0.3q3 0 4.9 2t1.9 6z\"\/><\/svg><\/span><\/a><\/li><li class=\"shariff-button facebook shariff-nocustomcolor\" style=\"background-color:#4273c8\"><a href=\"https:\/\/www.facebook.com\/sharer\/sharer.php?u=https%3A%2F%2Fwww.memecon.info%2F%3Fp%3D910\" title=\"Bei Facebook teilen\" aria-label=\"Bei Facebook teilen\" role=\"button\" rel=\"nofollow\" class=\"shariff-link\" style=\"; background-color:#3b5998; color:#fff\" target=\"_blank\"><span class=\"shariff-icon\" style=\"\"><svg width=\"32px\" height=\"20px\" xmlns=\"http:\/\/www.w3.org\/2000\/svg\" viewBox=\"0 0 18 32\"><path fill=\"#3b5998\" d=\"M17.1 0.2v4.7h-2.8q-1.5 0-2.1 0.6t-0.5 1.9v3.4h5.2l-0.7 5.3h-4.5v13.6h-5.5v-13.6h-4.5v-5.3h4.5v-3.9q0-3.3 1.9-5.2t5-1.8q2.6 0 4.1 0.2z\"\/><\/svg><\/span><\/a><\/li><li class=\"shariff-button flipboard shariff-nocustomcolor\" style=\"background-color:#373737\"><a href=\"https:\/\/share.flipboard.com\/bookmarklet\/popout?v=2&title=Kritiker%2C%20Kuratoren%20und%20Kommentatoren&url=https%3A%2F%2Fwww.memecon.info%2F%3Fp%3D910\" title=\"Bei Flipboard teilen\" aria-label=\"Bei Flipboard teilen\" role=\"button\" rel=\"noopener nofollow\" class=\"shariff-link\" style=\"; background-color:#f52828; color:#fff\" target=\"_blank\"><span class=\"shariff-icon\" style=\"\"><svg width=\"24px\" height=\"24px\" xmlns=\"http:\/\/www.w3.org\/2000\/svg\" viewBox=\"0 0 24 24\"><path fill=\"#f52828\" d=\"M0 0h8v24H0V0zm9 9h7v7H9V9zm0-9h15v8H9V0z\"\/><\/svg><\/span><\/a><\/li><li class=\"shariff-button twitter shariff-nocustomcolor\" style=\"background-color:#595959\"><a href=\"https:\/\/twitter.com\/share?url=https%3A%2F%2Fwww.memecon.info%2F%3Fp%3D910&text=Kritiker%2C%20Kuratoren%20und%20Kommentatoren\" title=\"Bei X teilen\" aria-label=\"Bei X teilen\" role=\"button\" rel=\"noopener nofollow\" class=\"shariff-link\" style=\"; background-color:#000; color:#fff\" target=\"_blank\"><span class=\"shariff-icon\" style=\"\"><svg width=\"32px\" height=\"20px\" xmlns=\"http:\/\/www.w3.org\/2000\/svg\" viewBox=\"0 0 24 24\"><path fill=\"#000\" d=\"M14.258 10.152L23.176 0h-2.113l-7.747 8.813L7.133 0H0l9.352 13.328L0 23.973h2.113l8.176-9.309 6.531 9.309h7.133zm-2.895 3.293l-.949-1.328L2.875 1.56h3.246l6.086 8.523.945 1.328 7.91 11.078h-3.246zm0 0\"\/><\/svg><\/span><\/a><\/li><\/ul><\/div>","protected":false},"excerpt":{"rendered":"<p>Die Medien ben\u00f6tigen einen ununterbrochenen Strom an Inhalten, die gesendet, gedruckt oder gepostet werden. Jedes noch so kleine Thema oder Sachgebiet findet einen eigenen Zugang zu seinem Publikum. Hunderte von Fernsehkan\u00e4len senden rund um die Uhr. Ebenso viele Zeitschriften fluten die Kiosks. Dieses Aufkommen kann scheinbar nicht mehr mit Inhalten aus erster Hand versorgt werden. Die Schaffenskraft verlagert sich langsam in die zweite Reihe. Kritiker, Kuratoren und Kommentatoren werden wichtiger als Autoren, K\u00fcnstler und sonstige kulturelle Macher. Eigentlich ist es ja praktisch, wenn Leute einem die Aufgabe abnehmen, die Flut an Informationen zu sichten und mundgerecht aufzubereiten. Rund um die Uhr kommentieren Nachrichtensprecher, Korrespondenten, Experten und Zeitzeugen das Tagesgeschehen. Es [&hellip;]<\/p>\n","protected":false},"author":1,"featured_media":0,"comment_status":"closed","ping_status":"closed","sticky":false,"template":"","format":"standard","meta":{"_crdt_document":"","footnotes":""},"categories":[3,11],"tags":[768,766,767],"class_list":["post-910","post","type-post","status-publish","format-standard","hentry","category-deutsch","category-kreativitat","tag-kommentatoren","tag-kritiker","tag-kuratoren"],"aioseo_notices":[],"_links":{"self":[{"href":"https:\/\/www.memecon.info\/index.php?rest_route=\/wp\/v2\/posts\/910","targetHints":{"allow":["GET"]}}],"collection":[{"href":"https:\/\/www.memecon.info\/index.php?rest_route=\/wp\/v2\/posts"}],"about":[{"href":"https:\/\/www.memecon.info\/index.php?rest_route=\/wp\/v2\/types\/post"}],"author":[{"embeddable":true,"href":"https:\/\/www.memecon.info\/index.php?rest_route=\/wp\/v2\/users\/1"}],"replies":[{"embeddable":true,"href":"https:\/\/www.memecon.info\/index.php?rest_route=%2Fwp%2Fv2%2Fcomments&post=910"}],"version-history":[{"count":2,"href":"https:\/\/www.memecon.info\/index.php?rest_route=\/wp\/v2\/posts\/910\/revisions"}],"predecessor-version":[{"id":4547,"href":"https:\/\/www.memecon.info\/index.php?rest_route=\/wp\/v2\/posts\/910\/revisions\/4547"}],"wp:attachment":[{"href":"https:\/\/www.memecon.info\/index.php?rest_route=%2Fwp%2Fv2%2Fmedia&parent=910"}],"wp:term":[{"taxonomy":"category","embeddable":true,"href":"https:\/\/www.memecon.info\/index.php?rest_route=%2Fwp%2Fv2%2Fcategories&post=910"},{"taxonomy":"post_tag","embeddable":true,"href":"https:\/\/www.memecon.info\/index.php?rest_route=%2Fwp%2Fv2%2Ftags&post=910"}],"curies":[{"name":"wp","href":"https:\/\/api.w.org\/{rel}","templated":true}]}}